{"id":1887,"date":"2026-01-28T21:39:30","date_gmt":"2026-01-28T20:39:30","guid":{"rendered":"https:\/\/slowo-polskie.pl\/?p=1887"},"modified":"2026-01-28T21:39:48","modified_gmt":"2026-01-28T20:39:48","slug":"uliczny-vibe-wroclawia-rynek-i-swidnicka-na-zywo","status":"publish","type":"post","link":"https:\/\/slowo-polskie.pl\/index.php\/2026\/01\/28\/uliczny-vibe-wroclawia-rynek-i-swidnicka-na-zywo\/","title":{"rendered":"Uliczny vibe Wroc\u0142awia \u2013 Rynek i \u015awidnicka na \u017cywo"},"content":{"rendered":"<p align=\"JUSTIFY\"><strong>Spacer po Wroc\u0142awskim Rynku to mix ludzi, d\u017awi\u0119k\u00f3w i energii. Ka\u017cdego dnia mo\u017cna tu trafi\u0107 na kogo\u015b z pasj\u0105 i talentem, kto robi klimat ca\u0142emu miastu.<\/strong><\/p>\n<p align=\"JUSTIFY\">Szczeg\u00f3lnie w godzinach 12:00\u201315:00 pojawia si\u0119 go\u015b\u0107 z saksofonem. Gra zwykle dwa albo trzy razy dziennie i serio \u2013 jego muzyka potrafi zatrzyma\u0107 ludzi w biegu. Jedni nagrywaj\u0105, inni tylko s\u0142uchaj\u0105, ale nikt nie przechodzi oboj\u0119tnie.<\/p>\n<p align=\"JUSTIFY\">Podobny klimat \u0142apie si\u0119 na ulicy \u015awidnickiej. Tam cz\u0119sto mo\u017cna spotka\u0107 grajk\u00f3w z totalnie nietypowymi instrumentami. Ostatnio uda\u0142o mi si\u0119 nagra\u0107 kogo\u015b, kto gra\u0142 na instrumencie zrobionym z plastikowych rur i element\u00f3w perkusji. Wygl\u0105da\u0142o to dziwnie, ale brzmia\u0142o to bardzo dobrze i rytmicznie. Tak w\u0142a\u015bnie wygl\u0105da codzienno\u015b\u0107 Wroc\u0142awia: troch\u0119 spontan-u, troch\u0119 sztuki i du\u017co dobrego vibe-u.<\/p>\n<p><strong>Iwo J\u0119drasiak<\/strong><\/p>\n<p><iframe loading=\"lazy\" title=\"Uliczny vibe Wroc\u0142awia \u2013 Rynek i \u015awidnicka na \u017cywo #wroc\u0142aw #wroclaw #wroclove\" width=\"563\" height=\"1000\" src=\"https:\/\/www.youtube.com\/embed\/kzVmM86H0ME?feature=oembed\" frameborder=\"0\" allow=\"accelerometer; autoplay; clipboard-write; encrypted-media; gyroscope; picture-in-picture; web-share\" referrerpolicy=\"strict-origin-when-cross-origin\" allowfullscreen><\/iframe><\/p>\n","protected":false},"excerpt":{"rendered":"<p>Spacer po Wroc\u0142awskim Rynku to mix ludzi, d\u017awi\u0119k\u00f3w i energii. Ka\u017cdego dnia mo\u017cna tu trafi\u0107 na kogo\u015b z pasj\u0105 i talentem, kto robi klimat ca\u0142emu miastu. Szczeg\u00f3lnie w godzinach 12:00\u201315:00 <span class=\"excerpt-dots\">&hellip;<\/span> <a class=\"more-link\" href=\"https:\/\/slowo-polskie.pl\/index.php\/2026\/01\/28\/uliczny-vibe-wroclawia-rynek-i-swidnicka-na-zywo\/\"><span class=\"more-msg\">Czytaj dalej &rarr;<\/span><\/a><\/p>\n","protected":false},"author":2,"featured_media":1889,"comment_status":"open","ping_status":"open","sticky":false,"template":"","format":"standard","meta":{"footnotes":""},"categories":[69],"tags":[],"class_list":["post-1887","post","type-post","status-publish","format-standard","has-post-thumbnail","hentry","category-jedrasiak-iwo"],"_links":{"self":[{"href":"https:\/\/slowo-polskie.pl\/index.php\/wp-json\/wp\/v2\/posts\/1887","targetHints":{"allow":["GET"]}}],"collection":[{"href":"https:\/\/slowo-polskie.pl\/index.php\/wp-json\/wp\/v2\/posts"}],"about":[{"href":"https:\/\/slowo-polskie.pl\/index.php\/wp-json\/wp\/v2\/types\/post"}],"author":[{"embeddable":true,"href":"https:\/\/slowo-polskie.pl\/index.php\/wp-json\/wp\/v2\/users\/2"}],"replies":[{"embeddable":true,"href":"https:\/\/slowo-polskie.pl\/index.php\/wp-json\/wp\/v2\/comments?post=1887"}],"version-history":[{"count":2,"href":"https:\/\/slowo-polskie.pl\/index.php\/wp-json\/wp\/v2\/posts\/1887\/revisions"}],"predecessor-version":[{"id":1890,"href":"https:\/\/slowo-polskie.pl\/index.php\/wp-json\/wp\/v2\/posts\/1887\/revisions\/1890"}],"wp:featuredmedia":[{"embeddable":true,"href":"https:\/\/slowo-polskie.pl\/index.php\/wp-json\/wp\/v2\/media\/1889"}],"wp:attachment":[{"href":"https:\/\/slowo-polskie.pl\/index.php\/wp-json\/wp\/v2\/media?parent=1887"}],"wp:term":[{"taxonomy":"category","embeddable":true,"href":"https:\/\/slowo-polskie.pl\/index.php\/wp-json\/wp\/v2\/categories?post=1887"},{"taxonomy":"post_tag","embeddable":true,"href":"https:\/\/slowo-polskie.pl\/index.php\/wp-json\/wp\/v2\/tags?post=1887"}],"curies":[{"name":"wp","href":"https:\/\/api.w.org\/{rel}","templated":true}]}}