{"id":1954,"date":"2026-03-07T08:52:40","date_gmt":"2026-03-07T07:52:40","guid":{"rendered":"https:\/\/slowo-polskie.pl\/?p=1954"},"modified":"2026-03-07T08:52:40","modified_gmt":"2026-03-07T07:52:40","slug":"5-stars-junior-cup-by-adrian-meronk-mlode-gwiazdy-wielkie-emocje-sportowa-pasja","status":"publish","type":"post","link":"https:\/\/slowo-polskie.pl\/index.php\/2026\/03\/07\/5-stars-junior-cup-by-adrian-meronk-mlode-gwiazdy-wielkie-emocje-sportowa-pasja\/","title":{"rendered":"5 Stars Junior Cup by Adrian Meronk \u2013 m\u0142ode gwiazdy, wielkie emocje, sportowa pasja"},"content":{"rendered":"<p><strong>Golf w Polsce rozwija si\u0119 w Polsce od ponad 30 lat A tym, co stanowi jego si\u0142\u0119 nap\u0119dow\u0105 s\u0105, jak w ka\u017cdym sporcie, juniorzy. Na szcz\u0119\u015bcie, coraz wi\u0119cej m\u0142odych zawodnik\u00f3w trenuje regularnie, uczestniczy w krajowych i mi\u0119dzynarodowych turniejach, wyje\u017cd\u017ca na zagraniczne stypendia, gra w dru\u017cynach uniwersyteckich, a poziom sportowy ro\u015bnie. Powstaje te\u017c coraz wi\u0119cej rozgrywek dla junior\u00f3w, kt\u00f3re daj\u0105 im mo\u017cliwo\u015b\u0107 por\u00f3wnywania si\u0119 z zawodnikami z ca\u0142ej Europy. Jednym z nich jest 5 Stars Junior Cup by Adrian Meronk, cykl, kt\u00f3rego fina\u0142 co roku odbywa si\u0119 na podwroc\u0142awskim polu golfowym. Dzi\u0119ki takim inicjatywom m\u0142odzi golfi\u015bci zyskuj\u0105 nie tylko szans\u0119 rywalizacji, ale te\u017c inspiracj\u0119 i motywacj\u0119 do dalszego rozwoju. Polska scena juniorska staje si\u0119 coraz bardziej profesjonalna, a jej reprezentanci coraz \u015bmielej wkraczaj\u0105 na europejskie pola.<\/strong><\/p>\n<p><a href=\"https:\/\/slowo-polskie.pl\/wp-content\/uploads\/2026\/03\/5Stars_Marek-Darnikowski-2.jpg\"><img loading=\"lazy\" decoding=\"async\" class=\"alignnone size-large wp-image-2156\" src=\"https:\/\/slowo-polskie.pl\/wp-content\/uploads\/2026\/03\/5Stars_Marek-Darnikowski-2-700x467.jpg\" alt=\"\" width=\"700\" height=\"467\" srcset=\"https:\/\/slowo-polskie.pl\/wp-content\/uploads\/2026\/03\/5Stars_Marek-Darnikowski-2-700x467.jpg 700w, https:\/\/slowo-polskie.pl\/wp-content\/uploads\/2026\/03\/5Stars_Marek-Darnikowski-2-280x187.jpg 280w, https:\/\/slowo-polskie.pl\/wp-content\/uploads\/2026\/03\/5Stars_Marek-Darnikowski-2-150x100.jpg 150w, https:\/\/slowo-polskie.pl\/wp-content\/uploads\/2026\/03\/5Stars_Marek-Darnikowski-2-768x512.jpg 768w, https:\/\/slowo-polskie.pl\/wp-content\/uploads\/2026\/03\/5Stars_Marek-Darnikowski-2.jpg 1080w\" sizes=\"auto, (max-width: 700px) 100vw, 700px\" \/><\/a><\/p>\n<p>W 2025 roku odby\u0142a si\u0119 czwarta ods\u0142ona cyklu 5 Stars Junior Cup by Adrian Meronk, kt\u00f3ry po raz pierwszy zosta\u0142 rozegrany w 2021 roku \u2013 w\u00f3wczas jako pojedynczy turniej. Od samego pocz\u0105tku wyniki z turnieju s\u0105 zaliczane do WAGR (World Amateur Golf Ranking), najwa\u017cniejszego rankingu golfowego amator\u00f3w na \u015bwiecie. WAGR stanowi trampolin\u0119 w golfowej karierze zawodniczej. Od 2022 w ramach cyklu odbywaj\u0105 si\u0119 ju\u017c 4 turnieje na rewelacyjnych polach golfowych w Polsce jak i w Czechach. Od 2023 roku seria zosta\u0142a obj\u0119ta patronatem najlepszego polskiego golfisty, reprezentanta Polski na Igrzyskach Olimpijskich, zwyci\u0119zcy turniej\u00f3w najwa\u017cniejszych profesjonalnych lig \u2013 Adriana Meronka.<\/p>\n<p>W sezonie 2025 m\u0142odzi golfi\u015bci rywalizowali na czterech znakomitych polach \u2013 w Kalinowych Polach, Karolinka Golf Park, w Modrym Lesie i na Mazury Golf&amp;CC, a w dniach 26\u201328 wrze\u015bnia spotkali si\u0119 na wielkim finale na Wroc\u0142aw Golf Club. W sumie w ca\u0142ym cyklu w 2025 roku wzi\u0119\u0142o udzia\u0142 ponad 550 junior\u00f3w z Polski i zagranicy.<\/p>\n<p><a href=\"https:\/\/slowo-polskie.pl\/wp-content\/uploads\/2026\/03\/5Stars_Marek-Darnikowski-4.jpg\"><img loading=\"lazy\" decoding=\"async\" class=\"alignnone size-large wp-image-2158\" src=\"https:\/\/slowo-polskie.pl\/wp-content\/uploads\/2026\/03\/5Stars_Marek-Darnikowski-4-700x467.jpg\" alt=\"\" width=\"700\" height=\"467\" srcset=\"https:\/\/slowo-polskie.pl\/wp-content\/uploads\/2026\/03\/5Stars_Marek-Darnikowski-4-700x467.jpg 700w, https:\/\/slowo-polskie.pl\/wp-content\/uploads\/2026\/03\/5Stars_Marek-Darnikowski-4-280x187.jpg 280w, https:\/\/slowo-polskie.pl\/wp-content\/uploads\/2026\/03\/5Stars_Marek-Darnikowski-4-150x100.jpg 150w, https:\/\/slowo-polskie.pl\/wp-content\/uploads\/2026\/03\/5Stars_Marek-Darnikowski-4-768x512.jpg 768w, https:\/\/slowo-polskie.pl\/wp-content\/uploads\/2026\/03\/5Stars_Marek-Darnikowski-4.jpg 1080w\" sizes=\"auto, (max-width: 700px) 100vw, 700px\" \/><\/a><\/p>\n<p>Fina\u0142 we Wroc\u0142aw Golf Club by\u0142 ukoronowaniem ca\u0142ego sezonu \u2013 zar\u00f3wno pod wzgl\u0119dem poziomu gry, jak i emocji. Na starcie stan\u0119\u0142o niemal 130 junior\u00f3w z Polski, Szwecji, Norwegii, Niemiec, Holandii, Litwy i Grecji. A\u017c siedemnastu z nich posiada\u0142o hcp dodatni, co \u015bwiadczy\u0142o o naprawd\u0119 wysokim poziomie sportowym. Przez trzy dni rywalizacji zawodnicy zmagali si\u0119 z szybkimi greenami, wsp\u00f3\u0142zawodnikami i w\u0142asnymi emocjami.<\/p>\n<p>Najlepszy wynik turnieju uzyska\u0142a Lena Geier z Niemiec, kt\u00f3ra zagra\u0142a -6 (70 uderze\u0144 ka\u017cdego dnia). W\u015br\u00f3d ch\u0142opc\u00f3w zwyci\u0119\u017cy\u0142 Antoni Hawkins, kt\u00f3ry dzi\u0119ki r\u00f3wnej grze i opanowaniu triumfowa\u0142 w klasyfikacji WAGR i U18. Drugie miejsce zaj\u0105\u0142 Lukas Gunnebrant ze Szwecji, a trzecie Steven Chapman z Holandii. W pozosta\u0142ych kategoriach wiekowych triumfowali Dominik Klepacki (U10), Krzysztof Bereszy\u0144ski (U12), Maja Fiedorowicz (U14) i Kamil Sikora (U25).<\/p>\n<p>Wyj\u0105tkowym momentem fina\u0142u by\u0142a wizyta Adriana Meronka, ambasadora cyklu i najlepszego polskiego golfisty, kt\u00f3ry sp\u0119dzi\u0142 z juniorami wiele godzin na polu, dziel\u0105c si\u0119 do\u015bwiadczeniem i radami. Do\u0142\u0105czy\u0142 do niego r\u00f3wnie\u017c Hubert Hurkacz, czo\u0142owy polski tenisista, z kt\u00f3rym wsp\u00f3lnie opowiadali o znaczeniu pracy, cierpliwo\u015bci i pasji w drodze do sportowego sukcesu. Ich obecno\u015b\u0107 by\u0142a dla m\u0142odych zawodnik\u00f3w inspiracj\u0105 i potwierdzeniem, \u017ce marzenia o wielkiej karierze zaczynaj\u0105 si\u0119 w\u0142a\u015bnie tu \u2013 na juniorskich fairwayach.<\/p>\n<p>W sezonie 2026 ponownie odb\u0119dzie si\u0119 cykl 5 Stars Junior Cup by Adrian Meronk. Juniorzy b\u0119d\u0105 rywalizowali na polach golfowych w Polsce oraz na jednym obiekcie w Czechach. Fina\u0142 zawod\u00f3w odb\u0119dzie si\u0119 ponownie we Wroc\u0142awiu. Na zawodnik\u00f3w czekaj\u0105 sportowe wyzwania, rywalizacja na najwy\u017cszym poziomie i szansa na rozw\u00f3j golfowej kariery.<\/p>\n<p><strong>Anna Maliszewska<\/strong><\/p>\n","protected":false},"excerpt":{"rendered":"<p>Golf w Polsce rozwija si\u0119 w Polsce od ponad 30 lat A tym, co stanowi jego si\u0142\u0119 nap\u0119dow\u0105 s\u0105, jak w ka\u017cdym sporcie, juniorzy. Na szcz\u0119\u015bcie, coraz wi\u0119cej m\u0142odych zawodnik\u00f3w <span class=\"excerpt-dots\">&hellip;<\/span> <a class=\"more-link\" href=\"https:\/\/slowo-polskie.pl\/index.php\/2026\/03\/07\/5-stars-junior-cup-by-adrian-meronk-mlode-gwiazdy-wielkie-emocje-sportowa-pasja\/\"><span class=\"more-msg\">Czytaj dalej &rarr;<\/span><\/a><\/p>\n","protected":false},"author":2,"featured_media":2156,"comment_status":"open","ping_status":"open","sticky":false,"template":"","format":"standard","meta":{"footnotes":""},"categories":[70],"tags":[],"class_list":["post-1954","post","type-post","status-publish","format-standard","has-post-thumbnail","hentry","category-maliszewska-anna"],"_links":{"self":[{"href":"https:\/\/slowo-polskie.pl\/index.php\/wp-json\/wp\/v2\/posts\/1954","targetHints":{"allow":["GET"]}}],"collection":[{"href":"https:\/\/slowo-polskie.pl\/index.php\/wp-json\/wp\/v2\/posts"}],"about":[{"href":"https:\/\/slowo-polskie.pl\/index.php\/wp-json\/wp\/v2\/types\/post"}],"author":[{"embeddable":true,"href":"https:\/\/slowo-polskie.pl\/index.php\/wp-json\/wp\/v2\/users\/2"}],"replies":[{"embeddable":true,"href":"https:\/\/slowo-polskie.pl\/index.php\/wp-json\/wp\/v2\/comments?post=1954"}],"version-history":[{"count":2,"href":"https:\/\/slowo-polskie.pl\/index.php\/wp-json\/wp\/v2\/posts\/1954\/revisions"}],"predecessor-version":[{"id":2161,"href":"https:\/\/slowo-polskie.pl\/index.php\/wp-json\/wp\/v2\/posts\/1954\/revisions\/2161"}],"wp:featuredmedia":[{"embeddable":true,"href":"https:\/\/slowo-polskie.pl\/index.php\/wp-json\/wp\/v2\/media\/2156"}],"wp:attachment":[{"href":"https:\/\/slowo-polskie.pl\/index.php\/wp-json\/wp\/v2\/media?parent=1954"}],"wp:term":[{"taxonomy":"category","embeddable":true,"href":"https:\/\/slowo-polskie.pl\/index.php\/wp-json\/wp\/v2\/categories?post=1954"},{"taxonomy":"post_tag","embeddable":true,"href":"https:\/\/slowo-polskie.pl\/index.php\/wp-json\/wp\/v2\/tags?post=1954"}],"curies":[{"name":"wp","href":"https:\/\/api.w.org\/{rel}","templated":true}]}}