{"id":2101,"date":"2026-03-02T08:51:41","date_gmt":"2026-03-02T07:51:41","guid":{"rendered":"https:\/\/slowo-polskie.pl\/?p=2101"},"modified":"2026-03-02T08:51:41","modified_gmt":"2026-03-02T07:51:41","slug":"1-marca-narodowy-dzien-pamieci-zolnierzy-wykletych-uroczystosc-we-wroclawiu","status":"publish","type":"post","link":"https:\/\/slowo-polskie.pl\/index.php\/2026\/03\/02\/1-marca-narodowy-dzien-pamieci-zolnierzy-wykletych-uroczystosc-we-wroclawiu\/","title":{"rendered":"1 marca &#8211; Narodowy Dzie\u0144 Pami\u0119ci \u201e\u017bo\u0142nierzy Wykl\u0119tych\u201d \u2013 uroczysto\u015b\u0107 we Wroc\u0142awiu"},"content":{"rendered":"<p align=\"JUSTIFY\"><strong><span style=\"font-family: tahoma, arial, helvetica, sans-serif;\"><span style=\"font-size: medium;\">W niedziel\u0119, 1 marca 2026 roku<\/span> <span style=\"font-size: medium;\">we Wroc\u0142awiu, oddano ho\u0142d nie\u017cyj\u0105cym \u017co\u0142nierzom tzw. drugiej konspiracji za \u015bwiadectwo m\u0119stwa, niez\u0142omnej postawy patriotycznej i przywi\u0105zania do tradycji niepodleg\u0142o\u015bciowych, za \u017cycie oddane dla niepodleg\u0142ej i wolnej Ojczyzny.<\/span><\/span><\/strong><\/p>\n<p align=\"JUSTIFY\"><a href=\"https:\/\/slowo-polskie.pl\/wp-content\/uploads\/2026\/03\/OfiaromTerroru.jpg\"><img loading=\"lazy\" decoding=\"async\" class=\"alignnone size-large wp-image-2104\" src=\"https:\/\/slowo-polskie.pl\/wp-content\/uploads\/2026\/03\/OfiaromTerroru-700x467.jpg\" alt=\"\" width=\"700\" height=\"467\" srcset=\"https:\/\/slowo-polskie.pl\/wp-content\/uploads\/2026\/03\/OfiaromTerroru-700x467.jpg 700w, https:\/\/slowo-polskie.pl\/wp-content\/uploads\/2026\/03\/OfiaromTerroru-280x187.jpg 280w, https:\/\/slowo-polskie.pl\/wp-content\/uploads\/2026\/03\/OfiaromTerroru-150x100.jpg 150w, https:\/\/slowo-polskie.pl\/wp-content\/uploads\/2026\/03\/OfiaromTerroru-768x513.jpg 768w, https:\/\/slowo-polskie.pl\/wp-content\/uploads\/2026\/03\/OfiaromTerroru.jpg 1200w\" sizes=\"auto, (max-width: 700px) 100vw, 700px\" \/><\/a><\/p>\n<p align=\"JUSTIFY\"><span style=\"font-family: tahoma, arial, helvetica, sans-serif;\"><span style=\"font-size: medium;\">Wiele lat musia\u0142o up\u0142yn\u0105\u0107, aby \u015brodowiska kombatanckie, liczne organizacje patriotyczne, a przede wszystkim przyjaciele i rodziny doczeka\u0142y si\u0119 \u015bwi\u0119ta pa\u0144stwowego po\u015bwi\u0119conego pami\u0119ci \u017co\u0142nierzy tzw. drugiej konspiracji \u2013 Narodowego Dnia Pami\u0119ci \u201e\u017bo\u0142nierzy Wykl\u0119tych\u201d, kt\u00f3re ustanowiono dopiero prawie 66 lat po zako\u0144czeniu II wojny \u015bwiatowej. <\/span><\/span><\/p>\n<p align=\"JUSTIFY\"><span style=\"font-family: tahoma, arial, helvetica, sans-serif;\"><span style=\"font-size: medium;\">Narodowy Dzie\u0144 Pami\u0119ci \u201e\u017bo\u0142nierzy Wykl\u0119tych\u201d obchodzimy corocznie 1 marca &#8211; to data symboliczna \u2013 tego dnia w 1951 roku w wi\u0119zieniu Warszawa \u2013 Mokot\u00f3w, nazywanego zwyczajowo wi\u0119zienie na Rakowieckiej lub wi\u0119zienie mokotowskie, wykonano wyrok \u015bmierci na siedmiu cz\u0142onkach IV Zarz\u0105du Zrzeszenia Wolno\u015b\u0107 i Niezawis\u0142o\u015b\u0107. Zastrzelono pp\u0142k \u0141ukasza Ciepli\u0144skiego ps. \u201eP\u0142ug\u201d, \u201eLudwik\u201d i jego najbli\u017cszych wsp\u00f3\u0142pracownik\u00f3w: J\u00f3zefa Batorego, Franciszka B\u0142a\u017ceja, Karola Chmiela, Mieczys\u0142awa Kawalca, Adama Lazarowicza i J\u00f3zefa Rzepk\u0119. Tworzyli oni ostatnie kierownictwo, ostatniej og\u00f3lnopolskiej konspiracji, kontynuuj\u0105ce od 1945 roku dzie\u0142o Armii Krajowej. Ich cia\u0142a zakopano w nieznanym miejscu. Dawne wi\u0119zienie i areszt znajduj\u0105cy si\u0119 w Warszawie przy ul. Rakowieckiej 37, od 1 marca 2016 roku sta\u0142 si\u0119 siedzib\u0105 Muzeum \u017bo\u0142nierzy Wykl\u0119tych i Wi\u0119\u017ani\u00f3w Politycznych PRL.<\/span><\/span><\/p>\n<p align=\"JUSTIFY\"><span style=\"font-family: tahoma, arial, helvetica, sans-serif;\"><span style=\"font-size: medium;\">\u015awi\u0119to wprowadzono w \u017cycie Ustaw\u0105 z dnia 3 lutego 2011 roku o ustanowieniu Narodowego Dnia \u201e\u017bo\u0142nierzy Wykl\u0119tych\u201d (Dz.U. 2011 nr 32 poz. 160) w kt\u00f3rej czytamy:<\/span><\/span><\/p>\n<p align=\"JUSTIFY\"><span style=\"font-family: tahoma, arial, helvetica, sans-serif;\"><span style=\"font-size: medium;\"><i>Art. 1. Dzie\u0144 1 marca ustanawia si\u0119 Narodowym Dniem Pami\u0119ci \u201e\u017bo\u0142nierzy Wykl\u0119tych\u201d.<\/i><\/span><\/span><\/p>\n<p align=\"JUSTIFY\"><span style=\"font-family: tahoma, arial, helvetica, sans-serif;\"><span style=\"font-size: medium;\"><i>Art. 2. Narodowy Dzie\u0144 Pami\u0119ci \u201e\u017bo\u0142nierzy Wykl\u0119tych\u201d jest \u015bwi\u0119tem pa\u0144stwowym.<\/i><\/span><\/span><\/p>\n<p align=\"JUSTIFY\"><span style=\"font-family: tahoma, arial, helvetica, sans-serif;\"><span style=\"font-size: medium;\">Wielu cz\u0142onk\u00f3w antykomunistycznego i niepodleg\u0142o\u015bciowego podziemia, kt\u00f3rzy po II wojnie \u015bwiatowej przeciwstawili si\u0119 narzuconej si\u0142\u0105 w\u0142adzy komunistycznej i prze\u017cy\u0142o okrutny czas powojennych represji w\u0142adz PRL, odesz\u0142o ju\u017c na wieczn\u0105 wart\u0119.<\/span><\/span><\/p>\n<p align=\"JUSTIFY\"><a href=\"https:\/\/slowo-polskie.pl\/wp-content\/uploads\/2026\/03\/OfiaromTerroru2.jpg\"><img loading=\"lazy\" decoding=\"async\" class=\"alignnone size-large wp-image-2105\" src=\"https:\/\/slowo-polskie.pl\/wp-content\/uploads\/2026\/03\/OfiaromTerroru2-700x467.jpg\" alt=\"\" width=\"700\" height=\"467\" srcset=\"https:\/\/slowo-polskie.pl\/wp-content\/uploads\/2026\/03\/OfiaromTerroru2-700x467.jpg 700w, https:\/\/slowo-polskie.pl\/wp-content\/uploads\/2026\/03\/OfiaromTerroru2-280x187.jpg 280w, https:\/\/slowo-polskie.pl\/wp-content\/uploads\/2026\/03\/OfiaromTerroru2-150x100.jpg 150w, https:\/\/slowo-polskie.pl\/wp-content\/uploads\/2026\/03\/OfiaromTerroru2-768x513.jpg 768w, https:\/\/slowo-polskie.pl\/wp-content\/uploads\/2026\/03\/OfiaromTerroru2.jpg 1200w\" sizes=\"auto, (max-width: 700px) 100vw, 700px\" \/><\/a><a href=\"https:\/\/slowo-polskie.pl\/wp-content\/uploads\/2026\/03\/wolczawski.jpg\"><img loading=\"lazy\" decoding=\"async\" class=\"alignnone size-large wp-image-2115\" src=\"https:\/\/slowo-polskie.pl\/wp-content\/uploads\/2026\/03\/wolczawski-700x467.jpg\" alt=\"\" width=\"700\" height=\"467\" srcset=\"https:\/\/slowo-polskie.pl\/wp-content\/uploads\/2026\/03\/wolczawski-700x467.jpg 700w, https:\/\/slowo-polskie.pl\/wp-content\/uploads\/2026\/03\/wolczawski-280x187.jpg 280w, https:\/\/slowo-polskie.pl\/wp-content\/uploads\/2026\/03\/wolczawski-150x100.jpg 150w, https:\/\/slowo-polskie.pl\/wp-content\/uploads\/2026\/03\/wolczawski-768x513.jpg 768w, https:\/\/slowo-polskie.pl\/wp-content\/uploads\/2026\/03\/wolczawski.jpg 1200w\" sizes=\"auto, (max-width: 700px) 100vw, 700px\" \/><\/a><\/p>\n<p align=\"JUSTIFY\"><span style=\"font-family: tahoma, arial, helvetica, sans-serif;\"><span style=\"font-size: medium;\">Na szcz\u0119\u015bcie pami\u0119\u0107 o \u201e\u017bo\u0142nierzach Wykl\u0119tych\u201d jest nam potrzebna, aby wychowywa\u0107 wsp\u00f3\u0142czesne i przysz\u0142e pokolenia. Ta pami\u0119\u0107 to z jednej strony ho\u0142d ofiarom, tym, kt\u00f3rzy musieli wybiera\u0107, a z drugiej, lekcja dla wsp\u00f3\u0142czesnych. Wyb\u00f3r, kt\u00f3ry dokonywali cz\u0142onkowie antykomunistycznego podziemia nale\u017ca\u0142 do najtrudniejszych, poniewa\u017c dotyczy\u0142 bezpo\u015brednio ich \u017cycia i los\u00f3w ich najbli\u017cszych, ale to by\u0142a walka o niepodleg\u0142o\u015b\u0107 Ojczyzny.<\/span><\/span><\/p>\n<p align=\"JUSTIFY\"><a href=\"https:\/\/slowo-polskie.pl\/wp-content\/uploads\/2026\/03\/lazarowicz.jpg\"><img loading=\"lazy\" decoding=\"async\" class=\"alignnone size-large wp-image-2103\" src=\"https:\/\/slowo-polskie.pl\/wp-content\/uploads\/2026\/03\/lazarowicz-700x467.jpg\" alt=\"\" width=\"700\" height=\"467\" srcset=\"https:\/\/slowo-polskie.pl\/wp-content\/uploads\/2026\/03\/lazarowicz-700x467.jpg 700w, https:\/\/slowo-polskie.pl\/wp-content\/uploads\/2026\/03\/lazarowicz-280x187.jpg 280w, https:\/\/slowo-polskie.pl\/wp-content\/uploads\/2026\/03\/lazarowicz-150x100.jpg 150w, https:\/\/slowo-polskie.pl\/wp-content\/uploads\/2026\/03\/lazarowicz-768x513.jpg 768w, https:\/\/slowo-polskie.pl\/wp-content\/uploads\/2026\/03\/lazarowicz.jpg 1200w\" sizes=\"auto, (max-width: 700px) 100vw, 700px\" \/><\/a><\/p>\n<p align=\"JUSTIFY\"><span style=\"font-family: tahoma, arial, helvetica, sans-serif;\"><span style=\"font-size: medium;\">Wa\u017cne jest dla ca\u0142ej naszej narodowej wsp\u00f3lnoty, aby tradycja niepodleg\u0142o\u015bciowa by\u0142a jednym z najwa\u017cniejszych element\u00f3w naszego pa\u0144stwa i funkcjonowa\u0142a w spo\u0142ecznej \u015bwiadomo\u015bci w spos\u00f3b niezafa\u0142szowany. Jednakowo pami\u0119tajmy i kultywujmy czyny \u017co\u0142nierzy Wojska Polskiego walcz\u0105cych na wszystkich frontach wojen. Pami\u0119tajmy r\u00f3wnie\u017c o \u017co\u0142nierzach Podziemnego Pa\u0144stwa Polskiego i \u017co\u0142nierzach konspiracji antykomunistycznej. Wszyscy oni wykazali si\u0119 m\u0119stwem, postaw\u0105 patriotyczn\u0105 i byli gotowi przela\u0107 krew w obronie niepodleg\u0142o\u015bci Ojczyzny. Polska bez tej pami\u0119ci istnie\u0107 nie mo\u017ce. Niech to b\u0119dzie moralny drogowskaz dla kolejnych pokole\u0144 Polak\u00f3w. <\/span><\/span><\/p>\n<p align=\"JUSTIFY\"><span style=\"font-family: tahoma, arial, helvetica, sans-serif;\"><span style=\"font-size: medium;\">Tegoroczny program obchod\u00f3w Narodowego Dnia Pami\u0119ci \u201e\u017bo\u0142nierzy Wykl\u0119tych\u201d we Wroc\u0142awiu sk\u0142ada\u0142 si\u0119 z trzech cz\u0119\u015bci. <\/span><\/span><\/p>\n<p align=\"JUSTIFY\"><span style=\"font-family: tahoma, arial, helvetica, sans-serif;\"><span style=\"font-size: medium;\">Pierwsz\u0105 cz\u0119\u015b\u0107 stanowi\u0142a uroczysto\u015b\u0107 pa\u0144stwowa, przeprowadzona zgodnie z ceremonia\u0142em Wojskowym Si\u0142 Zbrojnych Rzeczypospolitej Polskiej z udzia\u0142em wojskowej asysty honorowej, na Cmentarzu Komunalnym Osobowickim przed pomnikiem po\u015bwi\u0119conym OFIAROM TERRORU KOMUNISTYCZNEGO 1945 \u2013 1956, usytuowanym w g\u00f3rnej cz\u0119\u015bci wi\u0119ziennej kwatery nr 120, miejscu poch\u00f3wku ofiar terroryzmu komunistycznego. <\/span><\/span><\/p>\n<p align=\"JUSTIFY\"><span style=\"font-family: tahoma, arial, helvetica, sans-serif;\"><span style=\"font-size: medium;\">Ten okaza\u0142y monument, maj\u0105cy ponad 4 metry wysoko\u015bci i 12 metr\u00f3w szeroko\u015bci, przypomina fragment muru z ogrodzenia wi\u0119zienia przy ul. Kleczkowskiej we Wroc\u0142awiu. Zbudowany zosta\u0142 z czerwonej ceg\u0142y na pode\u015bcie wykonanym z du\u017cej kostki brukowej, tzw. kocich \u0142b\u00f3w. W mur zosta\u0142 wkomponowany i wymodelowany artystycznie ponad trzymetrowy du\u017cy kamienny krzy\u017c, wystaj\u0105cy (wypuk\u0142y) z dw\u00f3ch stron muru. Na przedniej \u015bcianie muru, po obu stronach kamiennego krzy\u017ca, umieszczono \u0142\u0105cznie 81. identyfikator\u00f3w &#8211; tabliczek z imionami i nazwiskami oraz wiekiem straconych os\u00f3b (po lewej stronie znajduje si\u0119 56. tabliczek, a po prawej 25. tabliczek). Z umieszczonych tabliczek dowiadujemy si\u0119, \u017ce najm\u0142odszy Gerard Nowak mia\u0142 18 lat, a najstarszy Tomasz Sapeta 74 lata. Pomnik ods\u0142oni\u0119to w 25 maja 1996 roku.<\/span><\/span><\/p>\n<p align=\"JUSTIFY\"><a href=\"https:\/\/slowo-polskie.pl\/wp-content\/uploads\/2026\/03\/OfiaromTerroru3.jpg\"><img loading=\"lazy\" decoding=\"async\" class=\"alignnone size-large wp-image-2106\" src=\"https:\/\/slowo-polskie.pl\/wp-content\/uploads\/2026\/03\/OfiaromTerroru3-700x467.jpg\" alt=\"\" width=\"700\" height=\"467\" srcset=\"https:\/\/slowo-polskie.pl\/wp-content\/uploads\/2026\/03\/OfiaromTerroru3-700x467.jpg 700w, https:\/\/slowo-polskie.pl\/wp-content\/uploads\/2026\/03\/OfiaromTerroru3-280x187.jpg 280w, https:\/\/slowo-polskie.pl\/wp-content\/uploads\/2026\/03\/OfiaromTerroru3-150x100.jpg 150w, https:\/\/slowo-polskie.pl\/wp-content\/uploads\/2026\/03\/OfiaromTerroru3-768x513.jpg 768w, https:\/\/slowo-polskie.pl\/wp-content\/uploads\/2026\/03\/OfiaromTerroru3.jpg 1200w\" sizes=\"auto, (max-width: 700px) 100vw, 700px\" \/><\/a><a href=\"https:\/\/slowo-polskie.pl\/wp-content\/uploads\/2026\/03\/OfiaromTerroru4.jpg\"><img loading=\"lazy\" decoding=\"async\" class=\"alignnone size-large wp-image-2107\" src=\"https:\/\/slowo-polskie.pl\/wp-content\/uploads\/2026\/03\/OfiaromTerroru4-700x467.jpg\" alt=\"\" width=\"700\" height=\"467\" srcset=\"https:\/\/slowo-polskie.pl\/wp-content\/uploads\/2026\/03\/OfiaromTerroru4-700x467.jpg 700w, https:\/\/slowo-polskie.pl\/wp-content\/uploads\/2026\/03\/OfiaromTerroru4-280x187.jpg 280w, https:\/\/slowo-polskie.pl\/wp-content\/uploads\/2026\/03\/OfiaromTerroru4-150x100.jpg 150w, https:\/\/slowo-polskie.pl\/wp-content\/uploads\/2026\/03\/OfiaromTerroru4-768x513.jpg 768w, https:\/\/slowo-polskie.pl\/wp-content\/uploads\/2026\/03\/OfiaromTerroru4.jpg 1200w\" sizes=\"auto, (max-width: 700px) 100vw, 700px\" \/><\/a><\/p>\n<p align=\"JUSTIFY\"><span style=\"font-family: tahoma, arial, helvetica, sans-serif;\"><span style=\"font-size: medium;\">Korzystne usytuowanie i niewielka odleg\u0142o\u015b\u0107 Cmentarza Osobowickiego od jednego z najwi\u0119kszych wi\u0119zie\u0144 w Polsce, Zak\u0142adu Karnego Nr 1 przy ul. Kleczkowskiej, sta\u0142y si\u0119 podstaw\u0105 decyzji o chowaniu tam wi\u0119\u017ani\u00f3w zmar\u0142ych i straconych. Z czasem na Cmentarzu Osobowickim chowano r\u00f3wnie\u017c cia\u0142a zmar\u0142ych w Zak\u0142adzie Karnym Nr 2 dzia\u0142aj\u0105cym przy ulicy S\u0105dowej i areszcie Wojew\u00f3dzkiego Urz\u0119du Bezpiecze\u0144stwa Publicznego we Wroc\u0142awiu.<\/span><\/span><\/p>\n<p align=\"JUSTIFY\"><a href=\"https:\/\/slowo-polskie.pl\/wp-content\/uploads\/2026\/03\/OfiaromTerroru5.jpg\"><img loading=\"lazy\" decoding=\"async\" class=\"alignnone size-large wp-image-2108\" src=\"https:\/\/slowo-polskie.pl\/wp-content\/uploads\/2026\/03\/OfiaromTerroru5-700x467.jpg\" alt=\"\" width=\"700\" height=\"467\" srcset=\"https:\/\/slowo-polskie.pl\/wp-content\/uploads\/2026\/03\/OfiaromTerroru5-700x467.jpg 700w, https:\/\/slowo-polskie.pl\/wp-content\/uploads\/2026\/03\/OfiaromTerroru5-280x187.jpg 280w, https:\/\/slowo-polskie.pl\/wp-content\/uploads\/2026\/03\/OfiaromTerroru5-150x100.jpg 150w, https:\/\/slowo-polskie.pl\/wp-content\/uploads\/2026\/03\/OfiaromTerroru5-768x513.jpg 768w, https:\/\/slowo-polskie.pl\/wp-content\/uploads\/2026\/03\/OfiaromTerroru5.jpg 1200w\" sizes=\"auto, (max-width: 700px) 100vw, 700px\" \/><\/a><a href=\"https:\/\/slowo-polskie.pl\/wp-content\/uploads\/2026\/03\/OfiaromTerroru6.jpg\"><img loading=\"lazy\" decoding=\"async\" class=\"alignnone size-large wp-image-2109\" src=\"https:\/\/slowo-polskie.pl\/wp-content\/uploads\/2026\/03\/OfiaromTerroru6-700x467.jpg\" alt=\"\" width=\"700\" height=\"467\" srcset=\"https:\/\/slowo-polskie.pl\/wp-content\/uploads\/2026\/03\/OfiaromTerroru6-700x467.jpg 700w, https:\/\/slowo-polskie.pl\/wp-content\/uploads\/2026\/03\/OfiaromTerroru6-280x187.jpg 280w, https:\/\/slowo-polskie.pl\/wp-content\/uploads\/2026\/03\/OfiaromTerroru6-150x100.jpg 150w, https:\/\/slowo-polskie.pl\/wp-content\/uploads\/2026\/03\/OfiaromTerroru6-768x513.jpg 768w, https:\/\/slowo-polskie.pl\/wp-content\/uploads\/2026\/03\/OfiaromTerroru6.jpg 1200w\" sizes=\"auto, (max-width: 700px) 100vw, 700px\" \/><\/a><\/p>\n<p align=\"JUSTIFY\"><span style=\"font-family: tahoma, arial, helvetica, sans-serif;\"><span style=\"font-size: medium;\">Wyroki \u015bmierci by\u0142y wykonywane tylko na terenie Zak\u0142adu Karnego Nr 1, odbywa\u0142y si\u0119 g\u0142\u00f3wnie przez rozstrzelanie na jednym z dziedzi\u0144c\u00f3w jednostki. Ofiary by\u0142y chowane przede wszystkim na terenie Cmentarza Osobowickiego, w pojedynczych grobach, a ich dane wpisywane w ksi\u0119gi cmentarne. Na Cmentarzu Osobowickim w latach 1945 \u2013 1956, na ponad dwudziestu wi\u0119ziennych kwaterach pochowanych zosta\u0142o oko\u0142o 840. straconych os\u00f3b. W\u015br\u00f3d straconych na terenie Zak\u0142adu Karnego Nr 1 byli cz\u0142onkowie WiN, oficerowie Wojska Polskiego i \u017co\u0142nierze z Armii gen. Andersa, uczestnicy Powsta\u0144 \u015al\u0105skich i Powstania Warszawskiego, \u017co\u0142nierze z Brygady \u015awi\u0119tokrzyskiej Narodowych Si\u0142 Zbrojnych, a nawet uczestnicy wojny polsko-bolszewickiej z 1920 roku.<\/span><\/span><\/p>\n<p align=\"JUSTIFY\"><a href=\"https:\/\/slowo-polskie.pl\/wp-content\/uploads\/2026\/03\/OfiaromTerroru7.jpg\"><img loading=\"lazy\" decoding=\"async\" class=\"alignnone size-large wp-image-2110\" src=\"https:\/\/slowo-polskie.pl\/wp-content\/uploads\/2026\/03\/OfiaromTerroru7-700x467.jpg\" alt=\"\" width=\"700\" height=\"467\" srcset=\"https:\/\/slowo-polskie.pl\/wp-content\/uploads\/2026\/03\/OfiaromTerroru7-700x467.jpg 700w, https:\/\/slowo-polskie.pl\/wp-content\/uploads\/2026\/03\/OfiaromTerroru7-280x187.jpg 280w, https:\/\/slowo-polskie.pl\/wp-content\/uploads\/2026\/03\/OfiaromTerroru7-150x100.jpg 150w, https:\/\/slowo-polskie.pl\/wp-content\/uploads\/2026\/03\/OfiaromTerroru7-768x513.jpg 768w, https:\/\/slowo-polskie.pl\/wp-content\/uploads\/2026\/03\/OfiaromTerroru7.jpg 1200w\" sizes=\"auto, (max-width: 700px) 100vw, 700px\" \/><\/a><\/p>\n<p align=\"JUSTIFY\"><span style=\"font-family: tahoma, arial, helvetica, sans-serif;\"><span style=\"font-size: medium;\">Pomimo zachowania pe\u0142nej dokumentacji cmentarnej grob\u00f3w wi\u0119ziennych, rodziny zmar\u0142ych i straconych by\u0142y pozbawione dost\u0119pu do ksi\u0105g cmentarnych. Do ko\u0144ca istnienia systemu komunistycznego w Polsce, skutecznie dbano, aby te miejsca pozosta\u0142y pilnie strze\u017con\u0105 tajemnic\u0105. Z czasem wi\u0119zienne kwatery zaros\u0142y chwastami i dziko rosn\u0105cymi krzewami, a o istnieniu mogi\u0142 wiedzieli nieliczni, kt\u00f3rzy odnale\u017ali tu swoich bliskich. W latach 60. i 70. XX wieku wi\u0119kszo\u015b\u0107 wi\u0119ziennych kwater i mogi\u0142 zosta\u0142a zlikwidowana, a na ich miejscu dokonano nowych poch\u00f3wk\u00f3w. Do po\u0142owy lat 80. XX wieku przetrwa\u0142y tylko dwie wi\u0119zienne kwatery ofiar komunizmu: nr 81A i 120, na kt\u00f3rych w latach 1946 \u2013 1954 pochowano blisko 350 os\u00f3b. <\/span><\/span><\/p>\n<p align=\"JUSTIFY\"><span style=\"font-family: tahoma, arial, helvetica, sans-serif;\"><span style=\"font-size: medium;\">W tegorocznej uroczysto\u015b\u0107 uczestniczyli przedstawiciele: parlamentu polskiego; w\u0142adz rz\u0105dowych i samorz\u0105dowych zar\u00f3wno wojew\u00f3dztwa, jak i miasta Wroc\u0142awia; \u017co\u0142nierze Wojska Polskiego; duchowni. Przedstawiciele organizacji kombatanckich i spo\u0142ecznych oraz stowarzysze\u0144 i zwi\u0105zk\u00f3w. Obecni byli m.in.: Piotr Sebastian Kozdrowicki, wojewoda dolno\u015bl\u0105ski, gen. bryg. Marek Brzezicha, <\/span><span style=\"font-size: medium;\">dow\u00f3dcy Garnizonu Wroc\u0142aw; dr hab. Kamil Dworaczek, dyrektor Oddzia\u0142u IPN we Wroc\u0142awiu; Ewa Skrzywanek, Dolno\u015bl\u0105ska Kurator O\u015bwiaty.<\/span><\/span><\/p>\n<p align=\"JUSTIFY\"><span style=\"font-family: tahoma, arial, helvetica, sans-serif;\"><span style=\"font-size: medium;\">Szczeg\u00f3lnymi Go\u015b\u0107mi na uroczysto\u015bci byli: kpt. Stanis\u0142aw Wo\u0142czaski, \u017co\u0142nierz Armii Krajowej \u2013 powstaniec warszawski, honorowy prezes Okr\u0119gu Dolno\u015bl\u0105skiego \u015awiatowego Zwi\u0105zku \u017bo\u0142nierzy Armii Krajowej; Krzysztof Marsza\u0142ek, syn pp\u0142k. Ludwika Marsza\u0142ka ps. Zbroja\u201d, kt\u00f3ry by\u0142 oficerem piechoty i lotnictwa Wojska Polskiego, \u017co\u0142nierzem Zwi\u0105zku Walki zbrojnej i Armii Krajowej oraz Zrzeszenia \u201eWolno\u015b\u0107 i Niezawis\u0142o\u015b\u0107\u201d (WiN). By\u0142 dow\u00f3dc\u0105 Okr\u0119gu Dolno\u015bl\u0105skiego WiN, pe\u0142ni\u0105c t\u0105 funkcj\u0119 zosta\u0142 aresztowany we Wroc\u0142awiu w grudniu 1947 roku i zamordowany 27 listopada 1948 roku we wroc\u0142awskim wi\u0119zieniu przy ul. Kleczkowskiej; Przemys\u0142aw Lazarowicz, wnuk Adama Lazarowicza \u201eKlamry\u201d, jednego z \u017co\u0142nierzy \u201eWykl\u0119tych\u201d, kt\u00f3ry straci\u0142 \u017cycie 1 marca 1951 roku w wi\u0119zieniu przy ulicy Rakowieckiej w Warszawie.<\/span><\/span><\/p>\n<p align=\"JUSTIFY\"><a href=\"https:\/\/slowo-polskie.pl\/wp-content\/uploads\/2026\/03\/OfiaromTerroru8.jpg\"><img loading=\"lazy\" decoding=\"async\" class=\"alignnone size-large wp-image-2111\" src=\"https:\/\/slowo-polskie.pl\/wp-content\/uploads\/2026\/03\/OfiaromTerroru8-700x467.jpg\" alt=\"\" width=\"700\" height=\"467\" srcset=\"https:\/\/slowo-polskie.pl\/wp-content\/uploads\/2026\/03\/OfiaromTerroru8-700x467.jpg 700w, https:\/\/slowo-polskie.pl\/wp-content\/uploads\/2026\/03\/OfiaromTerroru8-280x187.jpg 280w, https:\/\/slowo-polskie.pl\/wp-content\/uploads\/2026\/03\/OfiaromTerroru8-150x100.jpg 150w, https:\/\/slowo-polskie.pl\/wp-content\/uploads\/2026\/03\/OfiaromTerroru8-768x513.jpg 768w, https:\/\/slowo-polskie.pl\/wp-content\/uploads\/2026\/03\/OfiaromTerroru8.jpg 1200w\" sizes=\"auto, (max-width: 700px) 100vw, 700px\" \/><\/a><\/p>\n<p align=\"JUSTIFY\"><span style=\"font-family: tahoma, arial, helvetica, sans-serif;\"><span style=\"font-size: medium;\">Dzisiejsza uroczysto\u015b\u0107 prowadzi\u0142a: Kamilla Jasi\u0144ska, wicedyrektor Oddzia\u0142u Instytutu Pami\u0119ci Narodowej we Wroc\u0142awiu. Na wst\u0119pie serdecznie przywita\u0142a wszystkich zgromadzonych oraz wskaza\u0142a organizator\u00f3w wydarzenia: Dolno\u015bl\u0105ski Urz\u0105d Wojew\u00f3dzki; Instytut Pami\u0119ci Narodowej Oddzia\u0142 we Wroc\u0142awiu; Centrum Historii Zajezdnia we Wroc\u0142awiu. <\/span><\/span><\/p>\n<p align=\"JUSTIFY\"><span style=\"font-family: tahoma, arial, helvetica, sans-serif;\"><span style=\"font-size: medium;\">W trakcie uroczysto\u015bci odczyta\u0142a list od nieobecnego na uroczysto\u015bci <\/span><span style=\"font-size: medium;\">Stanis\u0142aw U\u0142aszewskiego, prezes Okr\u0119gu Dolno\u015bl\u0105skiego \u015awiatowego Zwi\u0105zku \u017bo\u0142nierzy Armii Krajowej, skierowany do zebranych na uroczysto\u015bci, w kt\u00f3rym napisa\u0142 m. in.: [\u2026] \u017bo\u0142nierze Niez\u0142omni [\u2026] zas\u0142u\u017cyli na taki sam szacunek, jaki maj\u0105 obecnie \u017co\u0142nierze Armii Krajowej, bo to tacy sami powsta\u0144cy, jak \u017co\u0142nierze Polski Walcz\u0105cej, \u017co\u0142nierze niez\u0142omni. Najdzielniejsi z dzielnych, najwierniejsi z wiernych. <\/span><\/span><\/p>\n<p align=\"JUSTIFY\"><span style=\"font-family: tahoma, arial, helvetica, sans-serif;\"><span style=\"font-size: medium;\">Po od\u015bpiewaniu hymnu pa\u0144stwowego, jako pierwszy g\u0142os zabra\u0142 Przemys\u0142aw Lazarowicz, wnuk Adama Lazarowicza \u201eKlamry\u201d, kt\u00f3ry w swoim wyst\u0105pieniu zwr\u00f3ci\u0142 uwag\u0119 na po\u015bwi\u0119cenie \u00f3wczesnych pokole\u0144, kt\u00f3re spowodowa\u0142y to, \u017ce mo\u017cemy by\u0107 dzisiaj dumnym narodem. <\/span><\/span><\/p>\n<p align=\"JUSTIFY\"><span style=\"font-family: tahoma, arial, helvetica, sans-serif;\"><span style=\"font-size: medium;\">Piotr Sebastian Kozdrowicki, I wicewojewoda dolno\u015bl\u0105ski, w swoim wyst\u0105pieniu nawi\u0105za\u0142 do major Wandy Kia\u0142ki, sanitariuszki i \u0142\u0105czniczki Armii Krajowej o pseudonimie \u201eMarika\u201d, kt\u00f3ra w 2022 roku sko\u0144czy\u0142a 100 lat, a kt\u00f3ra wiele lat sp\u0119dzi\u0142a w Workucie, jednym z najci\u0119\u017cszych sowieckich \u0142agr\u00f3w. (Przypominam, \u017ce w ubieg\u0142ym roku uczestniczy\u0142a czynnie we wroc\u0142awskich obchodach rocznicowych Podziemnego Pa\u0144stwa Polskiego w Ko\u015bciele Garnizonowym).<\/span><\/span><\/p>\n<p align=\"JUSTIFY\"><a href=\"https:\/\/slowo-polskie.pl\/wp-content\/uploads\/2026\/03\/OfiaromTerroru9.jpg\"><img loading=\"lazy\" decoding=\"async\" class=\"alignnone size-large wp-image-2112\" src=\"https:\/\/slowo-polskie.pl\/wp-content\/uploads\/2026\/03\/OfiaromTerroru9-700x467.jpg\" alt=\"\" width=\"700\" height=\"467\" srcset=\"https:\/\/slowo-polskie.pl\/wp-content\/uploads\/2026\/03\/OfiaromTerroru9-700x467.jpg 700w, https:\/\/slowo-polskie.pl\/wp-content\/uploads\/2026\/03\/OfiaromTerroru9-280x187.jpg 280w, https:\/\/slowo-polskie.pl\/wp-content\/uploads\/2026\/03\/OfiaromTerroru9-150x100.jpg 150w, https:\/\/slowo-polskie.pl\/wp-content\/uploads\/2026\/03\/OfiaromTerroru9-768x513.jpg 768w, https:\/\/slowo-polskie.pl\/wp-content\/uploads\/2026\/03\/OfiaromTerroru9.jpg 1200w\" sizes=\"auto, (max-width: 700px) 100vw, 700px\" \/><\/a><a href=\"https:\/\/slowo-polskie.pl\/wp-content\/uploads\/2026\/03\/OfiaromTerroru10.jpg\"><img loading=\"lazy\" decoding=\"async\" class=\"alignnone size-large wp-image-2113\" src=\"https:\/\/slowo-polskie.pl\/wp-content\/uploads\/2026\/03\/OfiaromTerroru10-700x467.jpg\" alt=\"\" width=\"700\" height=\"467\" srcset=\"https:\/\/slowo-polskie.pl\/wp-content\/uploads\/2026\/03\/OfiaromTerroru10-700x467.jpg 700w, https:\/\/slowo-polskie.pl\/wp-content\/uploads\/2026\/03\/OfiaromTerroru10-280x187.jpg 280w, https:\/\/slowo-polskie.pl\/wp-content\/uploads\/2026\/03\/OfiaromTerroru10-150x100.jpg 150w, https:\/\/slowo-polskie.pl\/wp-content\/uploads\/2026\/03\/OfiaromTerroru10-768x513.jpg 768w, https:\/\/slowo-polskie.pl\/wp-content\/uploads\/2026\/03\/OfiaromTerroru10.jpg 1200w\" sizes=\"auto, (max-width: 700px) 100vw, 700px\" \/><\/a><\/p>\n<p align=\"JUSTIFY\"><span style=\"font-family: tahoma, arial, helvetica, sans-serif;\"><span style=\"font-size: medium;\">Kamil Dworaczek, dyrektor Oddzia\u0142u IPN we Wroc\u0142awiu, swoje wyst\u0105pienie opar\u0142 na fragmentach grypsu wi\u0119ziennego, jaki do swojego synka Andrzeja napisa\u0142 pp\u0142k \u0141ukasz Cieplinski ps. \u201eP\u0142ug\u201d. Wspomnia\u0142 tak\u017ce o dzia\u0142aniach na kwaterach wi\u0119ziennych Cmentarza Osobowickiego, kt\u00f3re IPN realizuje od 2023 roku w porozumieniu z gmin Wroc\u0142aw i DUW we Wroc\u0142awiu.<\/span><\/span><\/p>\n<p align=\"JUSTIFY\"><span style=\"font-family: tahoma, arial, helvetica, sans-serif;\"><span style=\"font-size: medium;\">Ewa Skrzywanek, Dolno\u015bl\u0105ska Kurator O\u015bwiaty, podkre\u015bli\u0142a znaczenie m\u0142odzie\u017cy (nielicznej na dzisiejszej uroczysto\u015bci) i powiedzia\u0142a: [\u2026] Historia to pami\u0119\u0107 dobrego i z\u0142ego. W\u015br\u00f3d tych \u017co\u0142nierzy, kt\u00f3rych dzisiaj czcimy pami\u0119ci\u0105 \u2013 bohater\u00f3w, patron\u00f3w naszych szk\u00f3\u0142, s\u0105 tak\u017ce ludzie, kt\u00f3rzy w swoim \u017cyciu, w okresie walki o woln\u0105 Polsk\u0119, skazanej na przegran\u0105, pope\u0142niali b\u0142\u0119dy. [\u2026] Dlaczego uczy\u0107 si\u0119 historii? Dlatego \u017ceby pami\u0119ta\u0107|! Pami\u0119ta\u0107 o bohaterach i o ich niezwyk\u0142ym po\u015bwi\u0119ceniu. <\/span><\/span><\/p>\n<p align=\"JUSTIFY\"><span style=\"font-family: tahoma, arial, helvetica, sans-serif;\"><span style=\"font-size: medium;\"><span lang=\"en-US\">Wa\u017cnym punktem uroczysto\u015bci by\u0142a modlitwa zaduszna w intencji ofiar terroru komunistycznego i tych kt\u00f3rzy stracili \u017cycie w walce o niepodleg\u0142o\u015b\u0107 Polski, spoczywaj\u0105cych na Cmentarzu Osobowickim oraz na innych polskich nekropoliach.<\/span><\/span> <span style=\"color: #3d0300;\"><span style=\"font-size: medium;\">Modlitw\u0119 odm\u00f3wili: ks. ppor. Przemys\u0142aw Cios, wikariusz parafii rzymskokatolickiej cywilno-wojskowej pw. \u015bw El\u017cbiety we Wroc\u0142awiu i ks. ppor. Zbigniew Obracaj, kapelan Ewangelickiego Duszpasterstwa Wojskowego.<\/span><\/span><\/span><\/p>\n<p align=\"JUSTIFY\"><span style=\"font-family: tahoma, arial, helvetica, sans-serif;\"><span style=\"color: #3d0300;\"><span style=\"font-size: medium;\">Wyrazem ho\u0142du dla ofiar terroru komunistycznego, prze\u015bladowanych przez polskie w\u0142adze komunistyczne by\u0142 poprowadzony przez por. Ig\u0119 Burniak uroczysty Apel Pami\u0119ci, zako\u0144czony salw\u0105 honorow\u0105 dla uczczenia <\/span><\/span><span style=\"font-size: medium;\"><span lang=\"en-US\">\u201cNarodowego Dnia Pami\u0119ci \u017bo\u0142nierzy Wykl\u0119tych\u201d. <\/span><\/span><\/span><\/p>\n<p align=\"JUSTIFY\"><span style=\"font-family: tahoma, arial, helvetica, sans-serif;\"><span style=\"font-size: medium;\"><span lang=\"en-US\">Zwie\u0144czeniem uroczysto\u015bci by\u0142o z\u0142o\u017ceniem kwiat\u00f3w i zapalenie zniczy pami\u0119ci przy pomniku OFIAR TERRORU KOMUNISTYCZNEGO 1945 \u2013 1956 przez ponad 40. delegacji \u2013 przedstawicieli parlamentu polskiego, w\u0142adz pa\u0144stwowych i samorz\u0105dowych, s\u0142u\u017cb mundurowych, instytucji publicznych, organizacji kombatanckich oraz mieszka\u0144c\u00f3w Wroc\u0142awia. <\/span><\/span><\/span><\/p>\n<p align=\"JUSTIFY\"><span style=\"font-family: tahoma, arial, helvetica, sans-serif;\"><a name=\"Bookmark\"><\/a> <span style=\"font-size: medium;\"><span lang=\"en-US\">Podkre\u015blenie patriotycznego charakteru oraz nadanie w\u0142a\u015bciwej oprawy uroczysto\u015bci zapewnili \u017co\u0142nierze <\/span><\/span><span style=\"font-size: medium;\">Wojska Polskiego z: 3. Wroc\u0142awskiej Brygady Radiotechnicznej, 31. Batalionu Radiotechnicznego i Komendy Obs\u0142ugi Lotniska, kt\u00f3rzy stanowili kompani\u0119 honorow\u0105 i wojskow\u0105 asyst\u0119 honorow\u0105 oraz Orkiestra Wojsk L\u0105dowych we Wroc\u0142awiu. Uroczysto\u015b\u0107 u\u015bwietni\u0142o 14. asyst honorowych ze sztandarami i 1. poczet chor\u0105gwiany.<\/span><\/span><\/p>\n<p align=\"JUSTIFY\"><span style=\"font-family: tahoma, arial, helvetica, sans-serif;\"><span style=\"font-size: medium;\">Pierwsz\u0105 cz\u0119\u015b\u0107 uroczysto\u015bci zako\u0144czy\u0142 utw\u00f3r okoliczno\u015bciowy \u201ePie\u015b\u0144 Reprezentacyjna Wojska Polskiego\u201d odegrana przez Orkiestr\u0119 Reprezentacyjn\u0105 Wojsk L\u0105dowych we Wroc\u0142awiu.<\/span><\/span><\/p>\n<p align=\"JUSTIFY\"><a href=\"https:\/\/slowo-polskie.pl\/wp-content\/uploads\/2026\/03\/OfiaromTerroruPomnik.jpg\"><img loading=\"lazy\" decoding=\"async\" class=\"alignnone size-large wp-image-2114\" src=\"https:\/\/slowo-polskie.pl\/wp-content\/uploads\/2026\/03\/OfiaromTerroruPomnik-700x467.jpg\" alt=\"\" width=\"700\" height=\"467\" srcset=\"https:\/\/slowo-polskie.pl\/wp-content\/uploads\/2026\/03\/OfiaromTerroruPomnik-700x467.jpg 700w, https:\/\/slowo-polskie.pl\/wp-content\/uploads\/2026\/03\/OfiaromTerroruPomnik-280x187.jpg 280w, https:\/\/slowo-polskie.pl\/wp-content\/uploads\/2026\/03\/OfiaromTerroruPomnik-150x100.jpg 150w, https:\/\/slowo-polskie.pl\/wp-content\/uploads\/2026\/03\/OfiaromTerroruPomnik-768x512.jpg 768w, https:\/\/slowo-polskie.pl\/wp-content\/uploads\/2026\/03\/OfiaromTerroruPomnik.jpg 880w\" sizes=\"auto, (max-width: 700px) 100vw, 700px\" \/><\/a><\/p>\n<p align=\"JUSTIFY\"><span style=\"font-family: tahoma, arial, helvetica, sans-serif;\"><span style=\"font-size: medium;\">P\u00f3\u017aniej w programie obchod\u00f3w wroc\u0142awskiego Dnia Pami\u0119ci \u201e\u017bo\u0142nierzy Wykl\u0119tych\u201d mia\u0142y miejsce kolejne wydarzenia:<\/span><\/span><\/p>\n<p align=\"JUSTIFY\"><span style=\"font-family: tahoma, arial, helvetica, sans-serif;\"><span style=\"font-size: medium;\">&#8211; o godz. 12.00 \u2013 uroczysta Msza \u015bw. w intencji \u017bo\u0142nierzy Niez\u0142omnych w Ko\u015bciele Garnizonowym \u2013 Bazylice Mniejszej pw. \u015bw. El\u017cbiety we Wroc\u0142awiu pod przewodnictwem<\/span><span style=\"color: #3d0300;\"><span style=\"font-size: medium;\"> ks. pra\u0142ata p\u0142k Janusza Radzika, wikariusza biskupiego i proboszcza parafii rzymskokatolickiej cywilno-wojskowej pw. \u015bw El\u017cbiety we Wroc\u0142awiu. H<\/span><\/span><span style=\"font-size: medium;\">omili\u0119 wyg\u0142osi\u0142 ks. ppor. Przemys\u0142aw Cios;<\/span><\/span><\/p>\n<p align=\"JUSTIFY\"><span style=\"font-family: tahoma, arial, helvetica, sans-serif;\"><span style=\"font-size: medium;\">&#8211; o godz. 17.00 koncert \u201ePami\u0119ci Niez\u0142omnych\u201d w wykonaniu Wroc\u0142awskiej Orkiestry Wszechmuzycznej, przy Skwerze pp\u0142k. Ludwika Marsza\u0142ka z Pomnikiem \u017bo\u0142nierzy Niez\u0142omnych.<\/span><\/span><\/p>\n<p align=\"JUSTIFY\"><strong><span style=\"font-family: tahoma, arial, helvetica, sans-serif;\"><span style=\"font-size: medium;\">Tekst i zdj\u0119cia Andrzej Powidzki<br \/>\n<\/span><\/span><\/strong><strong><span style=\"font-family: tahoma, arial, helvetica, sans-serif;\"><span style=\"font-size: medium;\">Wroc\u0142aw, 1 marca 2026 r.<\/span><\/span><\/strong><\/p>\n","protected":false},"excerpt":{"rendered":"<p>W niedziel\u0119, 1 marca 2026 roku we Wroc\u0142awiu, oddano ho\u0142d nie\u017cyj\u0105cym \u017co\u0142nierzom tzw. drugiej konspiracji za \u015bwiadectwo m\u0119stwa, niez\u0142omnej postawy patriotycznej i przywi\u0105zania do tradycji niepodleg\u0142o\u015bciowych, za \u017cycie oddane dla <span class=\"excerpt-dots\">&hellip;<\/span> <a class=\"more-link\" href=\"https:\/\/slowo-polskie.pl\/index.php\/2026\/03\/02\/1-marca-narodowy-dzien-pamieci-zolnierzy-wykletych-uroczystosc-we-wroclawiu\/\"><span class=\"more-msg\">Czytaj dalej &rarr;<\/span><\/a><\/p>\n","protected":false},"author":2,"featured_media":2110,"comment_status":"open","ping_status":"open","sticky":false,"template":"","format":"standard","meta":{"footnotes":""},"categories":[31],"tags":[],"class_list":["post-2101","post","type-post","status-publish","format-standard","has-post-thumbnail","hentry","category-powidzki-andrzej"],"_links":{"self":[{"href":"https:\/\/slowo-polskie.pl\/index.php\/wp-json\/wp\/v2\/posts\/2101","targetHints":{"allow":["GET"]}}],"collection":[{"href":"https:\/\/slowo-polskie.pl\/index.php\/wp-json\/wp\/v2\/posts"}],"about":[{"href":"https:\/\/slowo-polskie.pl\/index.php\/wp-json\/wp\/v2\/types\/post"}],"author":[{"embeddable":true,"href":"https:\/\/slowo-polskie.pl\/index.php\/wp-json\/wp\/v2\/users\/2"}],"replies":[{"embeddable":true,"href":"https:\/\/slowo-polskie.pl\/index.php\/wp-json\/wp\/v2\/comments?post=2101"}],"version-history":[{"count":2,"href":"https:\/\/slowo-polskie.pl\/index.php\/wp-json\/wp\/v2\/posts\/2101\/revisions"}],"predecessor-version":[{"id":2116,"href":"https:\/\/slowo-polskie.pl\/index.php\/wp-json\/wp\/v2\/posts\/2101\/revisions\/2116"}],"wp:featuredmedia":[{"embeddable":true,"href":"https:\/\/slowo-polskie.pl\/index.php\/wp-json\/wp\/v2\/media\/2110"}],"wp:attachment":[{"href":"https:\/\/slowo-polskie.pl\/index.php\/wp-json\/wp\/v2\/media?parent=2101"}],"wp:term":[{"taxonomy":"category","embeddable":true,"href":"https:\/\/slowo-polskie.pl\/index.php\/wp-json\/wp\/v2\/categories?post=2101"},{"taxonomy":"post_tag","embeddable":true,"href":"https:\/\/slowo-polskie.pl\/index.php\/wp-json\/wp\/v2\/tags?post=2101"}],"curies":[{"name":"wp","href":"https:\/\/api.w.org\/{rel}","templated":true}]}}