{"id":2128,"date":"2026-03-06T12:38:14","date_gmt":"2026-03-06T11:38:14","guid":{"rendered":"https:\/\/slowo-polskie.pl\/?p=2128"},"modified":"2026-03-06T12:42:09","modified_gmt":"2026-03-06T11:42:09","slug":"dialog-zamiast-monologu-czy-stac-nas-na-brak-wspolnej-strategii-rozwoju-regionu","status":"publish","type":"post","link":"https:\/\/slowo-polskie.pl\/index.php\/2026\/03\/06\/dialog-zamiast-monologu-czy-stac-nas-na-brak-wspolnej-strategii-rozwoju-regionu\/","title":{"rendered":"Dialog zamiast monologu. Czy sta\u0107 nas na brak wsp\u00f3lnej strategii rozwoju regionu?"},"content":{"rendered":"<p align=\"JUSTIFY\"><span style=\"font-family: tahoma, arial, helvetica, sans-serif;\"><b>W polskiej debacie publicznej \u201ewsp\u00f3\u0142praca\u201d sta\u0142a si\u0119 terminem mitycznym \u2013 powszechnie deklarowanym, lecz rzadko realizowanym w praktyce. Na poziomie regionalnym, gdzie interes mieszka\u0144ca powinien teoretycznie sta\u0107 ponad legitymacj\u0105 partyjn\u0105, wci\u0105\u017c zmagamy si\u0119 z partykularnym monologiem poszczeg\u00f3lnych \u015brodowisk. Sytuacja gospodarcza Polski, w tym Dolnego \u015al\u0105ska nie pozostawia marginesu na b\u0142\u0105d. Stajemy przed alternatyw\u0105: albo wypracujemy model wsp\u00f3lnego zarz\u0105dzania ryzykiem, albo ulegniemy administracyjnemu bezw\u0142adowi.<\/b><\/span><\/p>\n<p align=\"JUSTIFY\"><span style=\"font-family: tahoma, arial, helvetica, sans-serif;\">Od lat diagnozujemy zjawisko \u201esilosowo\u015bci\u201d struktur publicznych. Podczas gdy jedna strona planuje infrastruktur\u0119, druga pr\u00f3buje j\u0105 dora\u017anie \u0142ata\u0107. W tym uk\u0142adzie biznes i mieszkaniec \u2013 ko\u0144cowi p\u0142atnicy oraz beneficjenci tych dzia\u0142a\u0144 \u2013 o decyzjach dowiaduj\u0105 si\u0119 jako ostatni. To model dysfunkcyjny, szczeg\u00f3lnie w dobie globalnej niepewno\u015bci i napi\u0119\u0107 geopolitycznych.<\/span><\/p>\n<p align=\"JUSTIFY\"><a href=\"https:\/\/slowo-polskie.pl\/wp-content\/uploads\/2026\/03\/Trzebnica_DFOG-2.jpg\"><img loading=\"lazy\" decoding=\"async\" class=\"alignnone size-large wp-image-2131\" src=\"https:\/\/slowo-polskie.pl\/wp-content\/uploads\/2026\/03\/Trzebnica_DFOG-2-700x415.jpg\" alt=\"\" width=\"700\" height=\"415\" srcset=\"https:\/\/slowo-polskie.pl\/wp-content\/uploads\/2026\/03\/Trzebnica_DFOG-2-700x415.jpg 700w, https:\/\/slowo-polskie.pl\/wp-content\/uploads\/2026\/03\/Trzebnica_DFOG-2-280x166.jpg 280w, https:\/\/slowo-polskie.pl\/wp-content\/uploads\/2026\/03\/Trzebnica_DFOG-2-150x89.jpg 150w, https:\/\/slowo-polskie.pl\/wp-content\/uploads\/2026\/03\/Trzebnica_DFOG-2-768x455.jpg 768w, https:\/\/slowo-polskie.pl\/wp-content\/uploads\/2026\/03\/Trzebnica_DFOG-2.jpg 1214w\" sizes=\"auto, (max-width: 700px) 100vw, 700px\" \/><\/a><\/p>\n<p align=\"JUSTIFY\"><span style=\"font-family: tahoma, arial, helvetica, sans-serif;\"><b>ARCHITEKTURA REGIONALNEGO POROZUMIENIA <\/b><\/span><\/p>\n<p align=\"JUSTIFY\"><span style=\"font-family: tahoma, arial, helvetica, sans-serif;\">Nadchodz\u0105ca IV edycja Dolno\u015bl\u0105skiego Forum Gospodarczego w Ole\u015bnicy stawia sobie za cel prze\u0142amanie tych barier. Dyskusja skupi si\u0119 na dw\u00f3ch filarach: inwestycjach generuj\u0105cych nowe miejsca pracy oraz bezpiecze\u0144stwie, stanowi\u0105cym fundament stabilnego rozwoju spo\u0142eczno-gospodarczego. Jak wskazuje ekonomista prof. Marian Noga <i>my nie tylko mamy zmienne prawo, co jest niekorzystne dla biznesu, ale mamy tak\u017ce nadmiar prawa i regulacji, co utrudnia w przyci\u0105ganiu inwestycji do naszego kraju.<\/i><\/span><\/p>\n<p align=\"JUSTIFY\"><span style=\"font-family: tahoma, arial, helvetica, sans-serif;\">Wymiern\u0105 wag\u0119 wydarzenia potwierdza udzia\u0142 kluczowych podmiot\u00f3w na Dolnym \u015al\u0105sku. Sektor wydobywczy i przemys\u0142owy: przedstawiciele KGHM Polska Mied\u017a S.A.. Infrastruktura krytyczna: liderzy sektora dystrybucji energii, m.in. Tauron Dystrybucja. Nauka: eksperci wroc\u0142awskich uczelni wy\u017cszych. Administracja samorz\u0105dowa: W\u0142adze Samorz\u0105du Wojew\u00f3dztwa Dolno\u015bl\u0105skiego oraz liderzy lokalni \u2013 od \u015awidnicy po Ole\u015bnic\u0119, a tak\u017ce biznes &#8211; przedstawiciele \u015bwiata finans\u00f3w, nowych technologii i produkcji.<\/span><\/p>\n<p align=\"JUSTIFY\"><a href=\"https:\/\/slowo-polskie.pl\/wp-content\/uploads\/2026\/03\/Trzebnica_DFOG-3.jpg\"><img loading=\"lazy\" decoding=\"async\" class=\"alignnone size-large wp-image-2132\" src=\"https:\/\/slowo-polskie.pl\/wp-content\/uploads\/2026\/03\/Trzebnica_DFOG-3-700x497.jpg\" alt=\"\" width=\"700\" height=\"497\" srcset=\"https:\/\/slowo-polskie.pl\/wp-content\/uploads\/2026\/03\/Trzebnica_DFOG-3-700x497.jpg 700w, https:\/\/slowo-polskie.pl\/wp-content\/uploads\/2026\/03\/Trzebnica_DFOG-3-280x199.jpg 280w, https:\/\/slowo-polskie.pl\/wp-content\/uploads\/2026\/03\/Trzebnica_DFOG-3-150x106.jpg 150w, https:\/\/slowo-polskie.pl\/wp-content\/uploads\/2026\/03\/Trzebnica_DFOG-3-768x545.jpg 768w, https:\/\/slowo-polskie.pl\/wp-content\/uploads\/2026\/03\/Trzebnica_DFOG-3.jpg 1015w\" sizes=\"auto, (max-width: 700px) 100vw, 700px\" \/><\/a><\/p>\n<p align=\"JUSTIFY\"><span style=\"font-family: tahoma, arial, helvetica, sans-serif;\">Prawdziwa strategia rozwoju nie powstaje w izolacji gabinetowej. Jest ona efektem konfrontacji potrzeb biznesu, potencja\u0142u nauki i mo\u017cliwo\u015bci samorz\u0105du. Platform\u0105 tej weryfikacji b\u0119dzie Dolno\u015bl\u0105skie Forum Gospodarcze, zaplanowane na 19 marca 2026 r. w Miejskim O\u015brodku Kultury i Sztuki w Ole\u015bnicy. Udzia\u0142 w wydarzeniu jest bezp\u0142atny, wymagana jest jedynie uprzednia rejestracja.<\/span><\/p>\n<p align=\"JUSTIFY\"><span style=\"font-family: tahoma, arial, helvetica, sans-serif;\">Program i formularz zg\u0142oszeniowy dost\u0119pne s\u0105 na stronie: <a href=\"https:\/\/dfog.pl\/\">www.dfog.pl<\/a><\/span><\/p>\n<p align=\"JUSTIFY\"><strong>ap<\/strong><\/p>\n","protected":false},"excerpt":{"rendered":"<p>W polskiej debacie publicznej \u201ewsp\u00f3\u0142praca\u201d sta\u0142a si\u0119 terminem mitycznym \u2013 powszechnie deklarowanym, lecz rzadko realizowanym w praktyce. Na poziomie regionalnym, gdzie interes mieszka\u0144ca powinien teoretycznie sta\u0107 ponad legitymacj\u0105 partyjn\u0105, wci\u0105\u017c <span class=\"excerpt-dots\">&hellip;<\/span> <a class=\"more-link\" href=\"https:\/\/slowo-polskie.pl\/index.php\/2026\/03\/06\/dialog-zamiast-monologu-czy-stac-nas-na-brak-wspolnej-strategii-rozwoju-regionu\/\"><span class=\"more-msg\">Czytaj dalej &rarr;<\/span><\/a><\/p>\n","protected":false},"author":2,"featured_media":2133,"comment_status":"open","ping_status":"open","sticky":false,"template":"","format":"standard","meta":{"footnotes":""},"categories":[33],"tags":[],"class_list":["post-2128","post","type-post","status-publish","format-standard","has-post-thumbnail","hentry","category-redakcyjny-tekst"],"_links":{"self":[{"href":"https:\/\/slowo-polskie.pl\/index.php\/wp-json\/wp\/v2\/posts\/2128","targetHints":{"allow":["GET"]}}],"collection":[{"href":"https:\/\/slowo-polskie.pl\/index.php\/wp-json\/wp\/v2\/posts"}],"about":[{"href":"https:\/\/slowo-polskie.pl\/index.php\/wp-json\/wp\/v2\/types\/post"}],"author":[{"embeddable":true,"href":"https:\/\/slowo-polskie.pl\/index.php\/wp-json\/wp\/v2\/users\/2"}],"replies":[{"embeddable":true,"href":"https:\/\/slowo-polskie.pl\/index.php\/wp-json\/wp\/v2\/comments?post=2128"}],"version-history":[{"count":4,"href":"https:\/\/slowo-polskie.pl\/index.php\/wp-json\/wp\/v2\/posts\/2128\/revisions"}],"predecessor-version":[{"id":2136,"href":"https:\/\/slowo-polskie.pl\/index.php\/wp-json\/wp\/v2\/posts\/2128\/revisions\/2136"}],"wp:featuredmedia":[{"embeddable":true,"href":"https:\/\/slowo-polskie.pl\/index.php\/wp-json\/wp\/v2\/media\/2133"}],"wp:attachment":[{"href":"https:\/\/slowo-polskie.pl\/index.php\/wp-json\/wp\/v2\/media?parent=2128"}],"wp:term":[{"taxonomy":"category","embeddable":true,"href":"https:\/\/slowo-polskie.pl\/index.php\/wp-json\/wp\/v2\/categories?post=2128"},{"taxonomy":"post_tag","embeddable":true,"href":"https:\/\/slowo-polskie.pl\/index.php\/wp-json\/wp\/v2\/tags?post=2128"}],"curies":[{"name":"wp","href":"https:\/\/api.w.org\/{rel}","templated":true}]}}