{"id":2137,"date":"2026-03-06T12:56:48","date_gmt":"2026-03-06T11:56:48","guid":{"rendered":"https:\/\/slowo-polskie.pl\/?p=2137"},"modified":"2026-03-06T12:56:48","modified_gmt":"2026-03-06T11:56:48","slug":"obchody-dnia-soltysa-na-dolnym-slasku","status":"publish","type":"post","link":"https:\/\/slowo-polskie.pl\/index.php\/2026\/03\/06\/obchody-dnia-soltysa-na-dolnym-slasku\/","title":{"rendered":"Obchody Dnia So\u0142tysa na Dolnym \u015al\u0105sku"},"content":{"rendered":"<p class=\"v1MsoNormal\"><b>Urz\u0105d Marsza\u0142kowski Wojew\u00f3dztwa Dolno\u015bl\u0105skiego organizuje \u201eDzie\u0144 So\u0142tysa\u201d, kt\u00f3rego obchody odb\u0119d\u0105 si\u0119 w dniach 10-13 marca 2026 roku w czterech subregionach Dolnego \u015al\u0105ska.<\/b><\/p>\n<p><a href=\"https:\/\/slowo-polskie.pl\/wp-content\/uploads\/2026\/03\/DzienSoltysa.jpg\"><img loading=\"lazy\" decoding=\"async\" class=\"alignnone  wp-image-2138\" src=\"https:\/\/slowo-polskie.pl\/wp-content\/uploads\/2026\/03\/DzienSoltysa-700x495.jpg\" alt=\"\" width=\"436\" height=\"308\" srcset=\"https:\/\/slowo-polskie.pl\/wp-content\/uploads\/2026\/03\/DzienSoltysa-700x495.jpg 700w, https:\/\/slowo-polskie.pl\/wp-content\/uploads\/2026\/03\/DzienSoltysa-280x198.jpg 280w, https:\/\/slowo-polskie.pl\/wp-content\/uploads\/2026\/03\/DzienSoltysa-150x106.jpg 150w, https:\/\/slowo-polskie.pl\/wp-content\/uploads\/2026\/03\/DzienSoltysa-768x543.jpg 768w, https:\/\/slowo-polskie.pl\/wp-content\/uploads\/2026\/03\/DzienSoltysa.jpg 1018w\" sizes=\"auto, (max-width: 436px) 100vw, 436px\" \/><\/a><\/p>\n<p class=\"v1MsoNormal\">Serdecznie zapraszamy:<\/p>\n<ul type=\"disc\">\n<li class=\"v1MsoListParagraph\"><b>10 marca 2026 r.<\/b>\u00a0\u2013 do Filharmonii Dolno\u015bl\u0105skiej im. Ludomira R\u00f3\u017cyckiego w Jeleniej G\u00f3rze<\/li>\n<li class=\"v1MsoListParagraph\"><b>11 marca 2026 r.<\/b>\u00a0\u2013 do Wo\u0142owskiego O\u015brodka Kultury w Wo\u0142owie<\/li>\n<li class=\"v1MsoListParagraph\"><b>12 marca 2026 r.<\/b>\u00a0\u2013 do Filharmonii Sudeckiej im. J\u00f3zefa Wi\u0142komirskiego w Wa\u0142brzychu<\/li>\n<li class=\"v1MsoListParagraph\"><b>13 marca 2026 r.<\/b>\u00a0\u2013 do Teatru im. Heleny Modrzejewskiej w Legnicy<\/li>\n<\/ul>\n<p class=\"v1MsoNormal\">Dzie\u0144 So\u0142tysa to wyj\u0105tkowe i niezwykle wa\u017cne \u015bwi\u0119to, ustanowione jako wyraz uznania dla os\u00f3b pe\u0142ni\u0105cych jedn\u0105 z najbardziej zaszczytnych, a zarazem odpowiedzialnych funkcji w samorz\u0105dzie lokalnym. Rola so\u0142tysa wymaga zaanga\u017cowania, odpowiedzialno\u015bci oraz bliskiej wsp\u00f3\u0142pracy z mieszka\u0144cami, a podejmowane dzia\u0142ania maj\u0105 realny wp\u0142yw na rozw\u00f3j wsi oraz jako\u015b\u0107 \u017cycia lokalnych spo\u0142eczno\u015bci. W uznaniu dla tej szczeg\u00f3lnej funkcji Samorz\u0105d Wojew\u00f3dztwa Dolno\u015bl\u0105skiego po raz pierwszy organizuje uroczyste gale z okazji Dnia So\u0142tysa w czterech subregionach Dolnego \u015al\u0105ska.<\/p>\n<p class=\"v1MsoNormal\">Spotkania skierowane s\u0105 do so\u0142tys\u00f3w, kt\u00f3rzy odgrywaj\u0105 istotn\u0105 rol\u0119 w \u017cyciu swoich miejscowo\u015bci, inicjuj\u0105 i koordynuj\u0105 dzia\u0142ania na rzecz rozwoju obszar\u00f3w wiejskich oraz aktywnie anga\u017cuj\u0105 mieszka\u0144c\u00f3w w sprawy lokalne. Ich codzienna praca i zaanga\u017cowanie przyczyniaj\u0105 si\u0119 do wzmacniania wi\u0119zi spo\u0142ecznych, poprawy jako\u015bci \u017cycia na wsi oraz realizacji inicjatyw odpowiadaj\u0105cych na potrzeby lokalnych spo\u0142eczno\u015bci.<\/p>\n<p><strong>ap<\/strong><\/p>\n","protected":false},"excerpt":{"rendered":"<p>Urz\u0105d Marsza\u0142kowski Wojew\u00f3dztwa Dolno\u015bl\u0105skiego organizuje \u201eDzie\u0144 So\u0142tysa\u201d, kt\u00f3rego obchody odb\u0119d\u0105 si\u0119 w dniach 10-13 marca 2026 roku w czterech subregionach Dolnego \u015al\u0105ska. Serdecznie zapraszamy: 10 marca 2026 r.\u00a0\u2013 do Filharmonii <span class=\"excerpt-dots\">&hellip;<\/span> <a class=\"more-link\" href=\"https:\/\/slowo-polskie.pl\/index.php\/2026\/03\/06\/obchody-dnia-soltysa-na-dolnym-slasku\/\"><span class=\"more-msg\">Czytaj dalej &rarr;<\/span><\/a><\/p>\n","protected":false},"author":2,"featured_media":2138,"comment_status":"open","ping_status":"open","sticky":false,"template":"","format":"standard","meta":{"footnotes":""},"categories":[33],"tags":[],"class_list":["post-2137","post","type-post","status-publish","format-standard","has-post-thumbnail","hentry","category-redakcyjny-tekst"],"_links":{"self":[{"href":"https:\/\/slowo-polskie.pl\/index.php\/wp-json\/wp\/v2\/posts\/2137","targetHints":{"allow":["GET"]}}],"collection":[{"href":"https:\/\/slowo-polskie.pl\/index.php\/wp-json\/wp\/v2\/posts"}],"about":[{"href":"https:\/\/slowo-polskie.pl\/index.php\/wp-json\/wp\/v2\/types\/post"}],"author":[{"embeddable":true,"href":"https:\/\/slowo-polskie.pl\/index.php\/wp-json\/wp\/v2\/users\/2"}],"replies":[{"embeddable":true,"href":"https:\/\/slowo-polskie.pl\/index.php\/wp-json\/wp\/v2\/comments?post=2137"}],"version-history":[{"count":1,"href":"https:\/\/slowo-polskie.pl\/index.php\/wp-json\/wp\/v2\/posts\/2137\/revisions"}],"predecessor-version":[{"id":2139,"href":"https:\/\/slowo-polskie.pl\/index.php\/wp-json\/wp\/v2\/posts\/2137\/revisions\/2139"}],"wp:featuredmedia":[{"embeddable":true,"href":"https:\/\/slowo-polskie.pl\/index.php\/wp-json\/wp\/v2\/media\/2138"}],"wp:attachment":[{"href":"https:\/\/slowo-polskie.pl\/index.php\/wp-json\/wp\/v2\/media?parent=2137"}],"wp:term":[{"taxonomy":"category","embeddable":true,"href":"https:\/\/slowo-polskie.pl\/index.php\/wp-json\/wp\/v2\/categories?post=2137"},{"taxonomy":"post_tag","embeddable":true,"href":"https:\/\/slowo-polskie.pl\/index.php\/wp-json\/wp\/v2\/tags?post=2137"}],"curies":[{"name":"wp","href":"https:\/\/api.w.org\/{rel}","templated":true}]}}