{"id":2164,"date":"2026-03-08T20:47:02","date_gmt":"2026-03-08T19:47:02","guid":{"rendered":"https:\/\/slowo-polskie.pl\/?p=2164"},"modified":"2026-03-09T11:37:47","modified_gmt":"2026-03-09T10:37:47","slug":"zapraszamy-do-przeczytania-naszego-nowego-cotygodniowego-przegladu-kulturalnego-w-portalu-slowo-polskie","status":"publish","type":"post","link":"https:\/\/slowo-polskie.pl\/index.php\/2026\/03\/08\/zapraszamy-do-przeczytania-naszego-nowego-cotygodniowego-przegladu-kulturalnego-w-portalu-slowo-polskie\/","title":{"rendered":"Zapraszamy do przeczytania naszego nowego, cotygodniowego przegl\u0105du kulturalnego w portalu S\u0142owo Polskie"},"content":{"rendered":"<p dir=\"ltr\"><strong><span class=\"v1font\"><span class=\"v1size\">6 marca 2026 roku w kinie Dolno\u015bl\u0105skie Centrum Filmowe we Wroc\u0142aw odby\u0142 si\u0119 przedpremierowy pokaz filmu <\/span><\/span><i><span class=\"v1font\"><span class=\"v1size\"><u>\u201eNie ma duch\u00f3w w mieszkaniu na Dobrej<\/u><\/span><\/span><\/i><span class=\"v1font\"><span class=\"v1size\">&#8222;. Wydarzenie przyci\u0105gn\u0119\u0142o widz\u00f3w zainteresowanych m\u0142odym kinem oraz debiutami re\u017cyserskimi.<\/span><\/span><\/strong><\/p>\n<p dir=\"ltr\"><a href=\"https:\/\/slowo-polskie.pl\/wp-content\/uploads\/2026\/03\/buchwald.jpg\"><img loading=\"lazy\" decoding=\"async\" class=\"alignnone size-full wp-image-2168\" src=\"https:\/\/slowo-polskie.pl\/wp-content\/uploads\/2026\/03\/buchwald.jpg\" alt=\"\" width=\"571\" height=\"506\" srcset=\"https:\/\/slowo-polskie.pl\/wp-content\/uploads\/2026\/03\/buchwald.jpg 571w, https:\/\/slowo-polskie.pl\/wp-content\/uploads\/2026\/03\/buchwald-280x248.jpg 280w, https:\/\/slowo-polskie.pl\/wp-content\/uploads\/2026\/03\/buchwald-150x133.jpg 150w\" sizes=\"auto, (max-width: 571px) 100vw, 571px\" \/><\/a><\/p>\n<p dir=\"ltr\"><span class=\"v1font\"><span class=\"v1size\">Film jest pe\u0142nometra\u017cowym debiutem fabularnym <\/span><\/span><b><i><span class=\"v1font\"><span class=\"v1size\"><u>w (re\u017c. Emi Buchwald)<\/u><\/span><\/span><\/i><\/b><span class=\"v1font\"><span class=\"v1size\">, kt\u00f3ra wcze\u015bniej realizowa\u0142a przede wszystkim filmy kr\u00f3tkometra\u017cowe. Tw\u00f3rczyni zdoby\u0142a rozpoznawalno\u015b\u0107 dzi\u0119ki takim produkcjom jak <\/span><\/span><b><i><span class=\"v1font\"><span class=\"v1size\"><u>\u201ePi\u0119kna \u0142\u0105ka kwietna&#8221; (2022)<\/u><\/span><\/span><\/i><\/b><span class=\"v1font\"><span class=\"v1size\"> oraz <\/span><\/span><b><i><span class=\"v1font\"><span class=\"v1size\"><u>\u201eHeimat&#8221; z (2017)<\/u><\/span><\/span><\/i><\/b><span class=\"v1font\"><span class=\"v1size\">, prezentowanym na licznych festiwalach filmowych w Polsce i za granic\u0105.<\/span><\/span><\/p>\n<p dir=\"ltr\"><span class=\"v1font\"><span class=\"v1size\">Po projekcji w <\/span><\/span><b><i><span class=\"v1font\"><span class=\"v1size\"><u>Dolno\u015bl\u0105skie Centrum Filmowe<\/u><\/span><\/span><\/i><\/b><span class=\"v1font\"><span class=\"v1size\"> odby\u0142o si\u0119 spotkanie z re\u017cyserk\u0105, kt\u00f3ra opowiedzia\u0142a o inspiracjach, pracy nad scenariuszem oraz drodze do realizacji swojego pierwszego pe\u0142nometra\u017cowego filmu. Kameralna rozmowa szybko przerodzi\u0142a si\u0119 w dyskusj\u0119 z publiczno\u015bci\u0105, kt\u00f3ra pyta\u0142a m.in. o symbolik\u0119 filmu oraz o sam proces powstawania filmu.<\/span><\/span><\/p>\n<p dir=\"ltr\"><a href=\"https:\/\/slowo-polskie.pl\/wp-content\/uploads\/2026\/03\/dcf-widownia_processed.jpg\"><img loading=\"lazy\" decoding=\"async\" class=\"alignnone size-large wp-image-2166\" src=\"https:\/\/slowo-polskie.pl\/wp-content\/uploads\/2026\/03\/dcf-widownia_processed-700x511.jpg\" alt=\"\" width=\"700\" height=\"511\" srcset=\"https:\/\/slowo-polskie.pl\/wp-content\/uploads\/2026\/03\/dcf-widownia_processed-700x511.jpg 700w, https:\/\/slowo-polskie.pl\/wp-content\/uploads\/2026\/03\/dcf-widownia_processed-280x204.jpg 280w, https:\/\/slowo-polskie.pl\/wp-content\/uploads\/2026\/03\/dcf-widownia_processed-150x109.jpg 150w, https:\/\/slowo-polskie.pl\/wp-content\/uploads\/2026\/03\/dcf-widownia_processed.jpg 769w\" sizes=\"auto, (max-width: 700px) 100vw, 700px\" \/><\/a><\/p>\n<p dir=\"ltr\"><span class=\"v1font\"><span class=\"v1size\">Jeden z widz\u00f3w podkre\u015bli\u0142 po seansie, \u017ce film w poruszaj\u0105cy spos\u00f3b pokazuje, jak ka\u017cdy z nas kszta\u0142tuje si\u0119 poprzez w\u0142asne do\u015bwiadczenia i relacje z bliskimi. Zwr\u00f3ci\u0142 uwag\u0119 szczeg\u00f3lnie na scen\u0119 zjednoczenia rodze\u0144stwa, kt\u00f3ra jego zdaniem by\u0142a niezwykle wymowna i emocjonalna.\u00a0<\/span><\/span><\/p>\n<p dir=\"ltr\"><span class=\"v1font\"><span class=\"v1size\">Podzi\u0119kowa\u0142 r\u00f3wnie\u017c za mo\u017cliwo\u015b\u0107 obejrzenia filmu, zaznaczaj\u0105c, \u017ce historia g\u0142\u0119boko go poruszy\u0142a. Na zako\u0144czenie wyrazi\u0142 uznanie dla autorki filmu, i powiedzia\u0142 <\/span><\/span><b><i><span class=\"v1font\"><span class=\"v1size\"><u>\u201echyl\u0119 czo\u0142a tak\u017ce jestem pod wra\u017ceniem &#8222;<\/u><\/span><\/span><\/i><\/b><span class=\"v1font\"><span class=\"v1size\">.\u00a0<\/span><\/span><\/p>\n<div><span class=\"v1font\"><span class=\"v1size\">W wydarzeniu przedpremierowym udzia\u0142 wzi\u0119li r\u00f3wnie\u017c przedstawiciele <\/span><\/span><b><i><span class=\"v1font\"><span class=\"v1size\"><u>Radio RAM<\/u><\/span><\/span><\/i><\/b><span class=\"v1font\"><span class=\"v1size\"> oraz redakcja <\/span><\/span><b><span class=\"v1font\"><span class=\"v1size\"><u>Dolno\u015bl\u0105skie Centrum Filmowe.<\/u><\/span><\/span><\/b><span class=\"v1font\"><span class=\"v1size\"> Sam film zosta\u0142 bardzo dobrze przyj\u0119ty przez publiczno\u015b\u0107, kt\u00f3ra doceni\u0142a jego nastrojow\u0105 atmosfer\u0119 i wra\u017cliwy spos\u00f3b opowiadania o dorastaniu, rodzinnych relacjach oraz trudnym momencie wchodzenia w doros\u0142o\u015b\u0107.<\/span><\/span><\/div>\n<div><a href=\"https:\/\/slowo-polskie.pl\/wp-content\/uploads\/2026\/03\/buchwald2.jpg\"><img loading=\"lazy\" decoding=\"async\" class=\"alignnone size-large wp-image-2167\" src=\"https:\/\/slowo-polskie.pl\/wp-content\/uploads\/2026\/03\/buchwald2-700x500.jpg\" alt=\"\" width=\"700\" height=\"500\" srcset=\"https:\/\/slowo-polskie.pl\/wp-content\/uploads\/2026\/03\/buchwald2-700x500.jpg 700w, https:\/\/slowo-polskie.pl\/wp-content\/uploads\/2026\/03\/buchwald2-280x200.jpg 280w, https:\/\/slowo-polskie.pl\/wp-content\/uploads\/2026\/03\/buchwald2-150x107.jpg 150w, https:\/\/slowo-polskie.pl\/wp-content\/uploads\/2026\/03\/buchwald2-768x548.jpg 768w, https:\/\/slowo-polskie.pl\/wp-content\/uploads\/2026\/03\/buchwald2.jpg 1024w\" sizes=\"auto, (max-width: 700px) 100vw, 700px\" \/><\/a><\/div>\n<div><\/div>\n<div><b id=\"v1docs-internal-guid-5929063e-7fff-cb76-b3cb-2bbe704e7c94\"><span class=\"v1font\"><span class=\"v1size\">A ju\u017c za tydzie\u0144, w niedziel\u0119, w naszym cotygodniowym przegl\u0105dzie kulturalnym na \u0142amach portalu S\u0142owo Polskie przyjrzymy si\u0119 bli\u017cej najnowszemu repertuarowi w Teatrze Polskim we Wroc\u0142awiu. Sprawdzimy, jakie spektakle przygotowuje teatr w najbli\u017cszych tygodniach, na co szczeg\u00f3lnie warto zwr\u00f3ci\u0107 uwag\u0119 oraz kt\u00f3re premiery mog\u0105 sta\u0107 si\u0119 jednym z wa\u017cniejszych wydarze\u0144 kulturalnych tej wiosny.<\/span><\/span><\/b><\/div>\n<div><\/div>\n<div>Zapraszamy do lektury \u2013 b\u0119dzie teatralnie, inspiruj\u0105co i jak zawsze z kulturalnym rytmem miasta.<\/div>\n<div><\/div>\n<div><strong>Iwo J\u0119drasiak<\/strong><\/div>\n","protected":false},"excerpt":{"rendered":"<p>6 marca 2026 roku w kinie Dolno\u015bl\u0105skie Centrum Filmowe we Wroc\u0142aw odby\u0142 si\u0119 przedpremierowy pokaz filmu \u201eNie ma duch\u00f3w w mieszkaniu na Dobrej&#8222;. Wydarzenie przyci\u0105gn\u0119\u0142o widz\u00f3w zainteresowanych m\u0142odym kinem oraz <span class=\"excerpt-dots\">&hellip;<\/span> <a class=\"more-link\" href=\"https:\/\/slowo-polskie.pl\/index.php\/2026\/03\/08\/zapraszamy-do-przeczytania-naszego-nowego-cotygodniowego-przegladu-kulturalnego-w-portalu-slowo-polskie\/\"><span class=\"more-msg\">Czytaj dalej &rarr;<\/span><\/a><\/p>\n","protected":false},"author":2,"featured_media":2168,"comment_status":"open","ping_status":"open","sticky":false,"template":"","format":"standard","meta":{"footnotes":""},"categories":[69],"tags":[],"class_list":["post-2164","post","type-post","status-publish","format-standard","has-post-thumbnail","hentry","category-jedrasiak-iwo"],"_links":{"self":[{"href":"https:\/\/slowo-polskie.pl\/index.php\/wp-json\/wp\/v2\/posts\/2164","targetHints":{"allow":["GET"]}}],"collection":[{"href":"https:\/\/slowo-polskie.pl\/index.php\/wp-json\/wp\/v2\/posts"}],"about":[{"href":"https:\/\/slowo-polskie.pl\/index.php\/wp-json\/wp\/v2\/types\/post"}],"author":[{"embeddable":true,"href":"https:\/\/slowo-polskie.pl\/index.php\/wp-json\/wp\/v2\/users\/2"}],"replies":[{"embeddable":true,"href":"https:\/\/slowo-polskie.pl\/index.php\/wp-json\/wp\/v2\/comments?post=2164"}],"version-history":[{"count":3,"href":"https:\/\/slowo-polskie.pl\/index.php\/wp-json\/wp\/v2\/posts\/2164\/revisions"}],"predecessor-version":[{"id":2170,"href":"https:\/\/slowo-polskie.pl\/index.php\/wp-json\/wp\/v2\/posts\/2164\/revisions\/2170"}],"wp:featuredmedia":[{"embeddable":true,"href":"https:\/\/slowo-polskie.pl\/index.php\/wp-json\/wp\/v2\/media\/2168"}],"wp:attachment":[{"href":"https:\/\/slowo-polskie.pl\/index.php\/wp-json\/wp\/v2\/media?parent=2164"}],"wp:term":[{"taxonomy":"category","embeddable":true,"href":"https:\/\/slowo-polskie.pl\/index.php\/wp-json\/wp\/v2\/categories?post=2164"},{"taxonomy":"post_tag","embeddable":true,"href":"https:\/\/slowo-polskie.pl\/index.php\/wp-json\/wp\/v2\/tags?post=2164"}],"curies":[{"name":"wp","href":"https:\/\/api.w.org\/{rel}","templated":true}]}}