{"id":2171,"date":"2026-03-09T13:43:11","date_gmt":"2026-03-09T12:43:11","guid":{"rendered":"https:\/\/slowo-polskie.pl\/?p=2171"},"modified":"2026-03-09T13:45:52","modified_gmt":"2026-03-09T12:45:52","slug":"a-wiosna-juz-kroczy-bialym-od-kwiecia-kobiercem","status":"publish","type":"post","link":"https:\/\/slowo-polskie.pl\/index.php\/2026\/03\/09\/a-wiosna-juz-kroczy-bialym-od-kwiecia-kobiercem\/","title":{"rendered":"A Wiosna ju\u017c kroczy bia\u0142ym od kwiecia kobiercem\u2026"},"content":{"rendered":"<p><strong>Jak co roku, kiedy s\u0142o\u0144ce ju\u017c nieco d\u0142u\u017cej pozostaje nad horyzontem a jego promienie zaczynaj\u0105 ogrzewa\u0107 przemarzni\u0119t\u0105 ziemi\u0119, dzieje si\u0119 magia. Spod \u0142ach gdzieniegdzie jeszcze zalegaj\u0105cego \u015bniegu, b\u0105d\u017a brunatnych, zm\u0119czonych d\u0142ug\u0105 zim\u0105 li\u015bci swoje delikatne g\u0142\u00f3wki nie\u015bmia\u0142o wychylaj\u0105 do s\u0142o\u0144ca przebi\u015bniegi a w \u015blad za nimi \u015bnie\u017cyce wiosenne. Kwitnie ich tu tyle, \u017ce tworz\u0105 pi\u0119kny, bia\u0142y kobierzec\u2026<\/strong><\/p>\n<p><a href=\"https:\/\/slowo-polskie.pl\/wp-content\/uploads\/2026\/03\/przebisnieg6__.jpg\"><img loading=\"lazy\" decoding=\"async\" class=\"alignnone size-large wp-image-2173\" src=\"https:\/\/slowo-polskie.pl\/wp-content\/uploads\/2026\/03\/przebisnieg6__-700x518.jpg\" alt=\"\" width=\"700\" height=\"518\" srcset=\"https:\/\/slowo-polskie.pl\/wp-content\/uploads\/2026\/03\/przebisnieg6__-700x518.jpg 700w, https:\/\/slowo-polskie.pl\/wp-content\/uploads\/2026\/03\/przebisnieg6__-280x207.jpg 280w, https:\/\/slowo-polskie.pl\/wp-content\/uploads\/2026\/03\/przebisnieg6__-150x111.jpg 150w, https:\/\/slowo-polskie.pl\/wp-content\/uploads\/2026\/03\/przebisnieg6__-768x568.jpg 768w, https:\/\/slowo-polskie.pl\/wp-content\/uploads\/2026\/03\/przebisnieg6__.jpg 973w\" sizes=\"auto, (max-width: 700px) 100vw, 700px\" \/><\/a><\/p>\n<p>Atrakcyjno\u015b\u0107 tego przyrodniczego zjawiska, jego wyj\u0105tkowo\u015b\u0107 dostrzegli i docenili przedstawiciele Regionalnej Dyrekcji Ochrony \u015arodowiska we Wroc\u0142awiu. W odpowiedzi na og\u0142oszon\u0105 pod koniec 2024 roku przez Lasy Pa\u0144stwowe inicjatyw\u0119 utworzenia lub powi\u0119kszenia 100 rezerwat\u00f3w przyrody z okazji 100-lecia istnienia tej\u017ce organizacji, po dokonaniu analizy walor\u00f3w przyrodniczych \u2013 jako jedn\u0105 z o\u015bmiu dolno\u015bl\u0105skich propozycji &#8211; wytypowali oni obszar le\u015bny rozci\u0105gaj\u0105cy si\u0119, pomi\u0119dzy miejscowo\u015bciami Kruk\u00f3w, Zastru\u017ce i Pyszczyn.<\/p>\n<p><a href=\"https:\/\/slowo-polskie.pl\/wp-content\/uploads\/2026\/03\/przebisnieg4.jpg\"><img loading=\"lazy\" decoding=\"async\" class=\"alignnone size-large wp-image-2175\" src=\"https:\/\/slowo-polskie.pl\/wp-content\/uploads\/2026\/03\/przebisnieg4-700x525.jpg\" alt=\"\" width=\"700\" height=\"525\" srcset=\"https:\/\/slowo-polskie.pl\/wp-content\/uploads\/2026\/03\/przebisnieg4-700x525.jpg 700w, https:\/\/slowo-polskie.pl\/wp-content\/uploads\/2026\/03\/przebisnieg4-280x210.jpg 280w, https:\/\/slowo-polskie.pl\/wp-content\/uploads\/2026\/03\/przebisnieg4-150x113.jpg 150w, https:\/\/slowo-polskie.pl\/wp-content\/uploads\/2026\/03\/przebisnieg4-768x576.jpg 768w, https:\/\/slowo-polskie.pl\/wp-content\/uploads\/2026\/03\/przebisnieg4.jpg 960w\" sizes=\"auto, (max-width: 700px) 100vw, 700px\" \/><\/a><\/p>\n<p><em><strong>Rezerwat przyrody<\/strong><\/em> \u2013 zgodnie z przyj\u0119t\u0105 przez ustawodawc\u0119 definicj\u0105 &#8211; <em>obejmuje obszary zachowane w stanie naturalnym lub ma\u0142o zmienionym, ekosystemy, ostoje i siedliska przyrodnicze, a tak\u017ce siedliska ro\u015blin, siedliska zwierz\u0105t i siedliska grzyb\u00f3w oraz twory i sk\u0142adniki przyrody nieo\u017cywionej, wyr\u00f3\u017cniaj\u0105ce si\u0119 szczeg\u00f3lnymi warto\u015bciami przyrodniczymi, naukowymi, kulturowymi lub walorami krajobrazowymi<\/em>.<\/p>\n<p><a href=\"https:\/\/slowo-polskie.pl\/wp-content\/uploads\/2026\/03\/przebisnieg2.jpg\"><img loading=\"lazy\" decoding=\"async\" class=\"alignnone size-large wp-image-2177\" src=\"https:\/\/slowo-polskie.pl\/wp-content\/uploads\/2026\/03\/przebisnieg2-700x525.jpg\" alt=\"\" width=\"700\" height=\"525\" srcset=\"https:\/\/slowo-polskie.pl\/wp-content\/uploads\/2026\/03\/przebisnieg2-700x525.jpg 700w, https:\/\/slowo-polskie.pl\/wp-content\/uploads\/2026\/03\/przebisnieg2-280x210.jpg 280w, https:\/\/slowo-polskie.pl\/wp-content\/uploads\/2026\/03\/przebisnieg2-150x113.jpg 150w, https:\/\/slowo-polskie.pl\/wp-content\/uploads\/2026\/03\/przebisnieg2-768x576.jpg 768w, https:\/\/slowo-polskie.pl\/wp-content\/uploads\/2026\/03\/przebisnieg2.jpg 960w\" sizes=\"auto, (max-width: 700px) 100vw, 700px\" \/><\/a><\/p>\n<p>Powo\u0142ano zatem do \u017cycia rezerwat przyrody pod nazw\u0105 \u201eLasy Doliny Strzegomki\u201d, by ocali\u0107 jego unikalne zasoby dla przysz\u0142ych pokole\u0144. Sam obszar ma chroni\u0107 bardzo dobrze zachowane \u0142\u0119gi i gr\u0105dy okalaj\u0105ce meandruj\u0105c\u0105 rzek\u0119 Strzegomk\u0119 z rozleg\u0142ymi &#8211; pono\u0107 jednymi z najwi\u0119kszych w Polsce &#8211; p\u0142atami \u015bnie\u017cycy wiosennej, kokoryczy w\u0105t\u0142ej, zdroj\u00f3wki rutewkowatej i wielu wiosennych geofit\u00f3w, takich cho\u0107by jak \u015bnie\u017cyczka przebi\u015bnieg czy czosnek nied\u017awiedzi.<\/p>\n<p><a href=\"https:\/\/slowo-polskie.pl\/wp-content\/uploads\/2026\/03\/przebisnieg.jpg\"><img loading=\"lazy\" decoding=\"async\" class=\"alignnone size-large wp-image-2178\" src=\"https:\/\/slowo-polskie.pl\/wp-content\/uploads\/2026\/03\/przebisnieg-700x525.jpg\" alt=\"\" width=\"700\" height=\"525\" srcset=\"https:\/\/slowo-polskie.pl\/wp-content\/uploads\/2026\/03\/przebisnieg-700x525.jpg 700w, https:\/\/slowo-polskie.pl\/wp-content\/uploads\/2026\/03\/przebisnieg-280x210.jpg 280w, https:\/\/slowo-polskie.pl\/wp-content\/uploads\/2026\/03\/przebisnieg-150x113.jpg 150w, https:\/\/slowo-polskie.pl\/wp-content\/uploads\/2026\/03\/przebisnieg-768x576.jpg 768w, https:\/\/slowo-polskie.pl\/wp-content\/uploads\/2026\/03\/przebisnieg.jpg 960w\" sizes=\"auto, (max-width: 700px) 100vw, 700px\" \/><\/a><\/p>\n<p>Je\u015bli b\u0119dziecie na przedwio\u015bniu przeje\u017cd\u017ca\u0107 drog\u0105 krajow\u0105 numer 5 od strony Kostom\u0142ot\u00f3w w kierunku \u015awidnicy, to zwolnijcie nieco na dwunastym\/trzynastym kilometrze, by przy drogowskazie Kruk\u00f3w 0,7 km skr\u0119ci\u0107 w kierunku tej\u017ce miejscowo\u015bci. Ju\u017c po przejechaniu paruset metr\u00f3w dostrze\u017cecie ca\u0142e po\u0142acie tych zachwycaj\u0105cych ro\u015blin. Naprawd\u0119 warto zrobi\u0107 kr\u00f3tk\u0105 przerw\u0119 w podr\u00f3\u017cy by nacieszy\u0107 oczy tym niecodziennym widokiem\u2026<\/p>\n<p><strong>Ma\u0142gorzata Miodowska<\/strong><\/p>\n","protected":false},"excerpt":{"rendered":"<p>Jak co roku, kiedy s\u0142o\u0144ce ju\u017c nieco d\u0142u\u017cej pozostaje nad horyzontem a jego promienie zaczynaj\u0105 ogrzewa\u0107 przemarzni\u0119t\u0105 ziemi\u0119, dzieje si\u0119 magia. Spod \u0142ach gdzieniegdzie jeszcze zalegaj\u0105cego \u015bniegu, b\u0105d\u017a brunatnych, zm\u0119czonych <span class=\"excerpt-dots\">&hellip;<\/span> <a class=\"more-link\" href=\"https:\/\/slowo-polskie.pl\/index.php\/2026\/03\/09\/a-wiosna-juz-kroczy-bialym-od-kwiecia-kobiercem\/\"><span class=\"more-msg\">Czytaj dalej &rarr;<\/span><\/a><\/p>\n","protected":false},"author":2,"featured_media":2174,"comment_status":"open","ping_status":"open","sticky":false,"template":"","format":"standard","meta":{"footnotes":""},"categories":[71],"tags":[],"class_list":["post-2171","post","type-post","status-publish","format-standard","has-post-thumbnail","hentry","category-miodowska-malgorzata"],"_links":{"self":[{"href":"https:\/\/slowo-polskie.pl\/index.php\/wp-json\/wp\/v2\/posts\/2171","targetHints":{"allow":["GET"]}}],"collection":[{"href":"https:\/\/slowo-polskie.pl\/index.php\/wp-json\/wp\/v2\/posts"}],"about":[{"href":"https:\/\/slowo-polskie.pl\/index.php\/wp-json\/wp\/v2\/types\/post"}],"author":[{"embeddable":true,"href":"https:\/\/slowo-polskie.pl\/index.php\/wp-json\/wp\/v2\/users\/2"}],"replies":[{"embeddable":true,"href":"https:\/\/slowo-polskie.pl\/index.php\/wp-json\/wp\/v2\/comments?post=2171"}],"version-history":[{"count":4,"href":"https:\/\/slowo-polskie.pl\/index.php\/wp-json\/wp\/v2\/posts\/2171\/revisions"}],"predecessor-version":[{"id":2182,"href":"https:\/\/slowo-polskie.pl\/index.php\/wp-json\/wp\/v2\/posts\/2171\/revisions\/2182"}],"wp:featuredmedia":[{"embeddable":true,"href":"https:\/\/slowo-polskie.pl\/index.php\/wp-json\/wp\/v2\/media\/2174"}],"wp:attachment":[{"href":"https:\/\/slowo-polskie.pl\/index.php\/wp-json\/wp\/v2\/media?parent=2171"}],"wp:term":[{"taxonomy":"category","embeddable":true,"href":"https:\/\/slowo-polskie.pl\/index.php\/wp-json\/wp\/v2\/categories?post=2171"},{"taxonomy":"post_tag","embeddable":true,"href":"https:\/\/slowo-polskie.pl\/index.php\/wp-json\/wp\/v2\/tags?post=2171"}],"curies":[{"name":"wp","href":"https:\/\/api.w.org\/{rel}","templated":true}]}}