{"id":2183,"date":"2026-03-09T14:56:14","date_gmt":"2026-03-09T13:56:14","guid":{"rendered":"https:\/\/slowo-polskie.pl\/?p=2183"},"modified":"2026-03-09T14:56:27","modified_gmt":"2026-03-09T13:56:27","slug":"ocalamy-pamiec-o-obroncach-ojczyzny-marii-szpot-dunin-barbary-szpot-dunin-ewy-szpot-dunin-matki-i-dwoch-corek","status":"publish","type":"post","link":"https:\/\/slowo-polskie.pl\/index.php\/2026\/03\/09\/ocalamy-pamiec-o-obroncach-ojczyzny-marii-szpot-dunin-barbary-szpot-dunin-ewy-szpot-dunin-matki-i-dwoch-corek\/","title":{"rendered":"Ocalamy pami\u0119\u0107 o obro\u0144cach Ojczyzny: Marii Szpot-Dunin, Barbary Szpot-Dunin, Ewy Szpot-Dunin \u2013 matki i dw\u00f3ch c\u00f3rek."},"content":{"rendered":"<p align=\"JUSTIFY\"><strong><span style=\"font-family: tahoma, arial, helvetica, sans-serif;\"><span style=\"font-size: medium;\">Dzie\u0144 Kobiet to nie tylko okazja do sk\u0142adania \u017cycze\u0144 i wr\u0119czania kwiat\u00f3w. To tak\u017ce moment, by przypomnie\u0107 o kobietach, kt\u00f3re swoj\u0105 odwag\u0105, determinacj\u0105 i po\u015bwi\u0119ceniem zapisa\u0142y si\u0119 w historii walk o wolno\u015b\u0107 i niepodleg\u0142o\u015b\u0107 Polski.<\/span><\/span><\/strong><\/p>\n<p align=\"JUSTIFY\"><a href=\"https:\/\/slowo-polskie.pl\/wp-content\/uploads\/2026\/03\/dunin.jpg\"><img loading=\"lazy\" decoding=\"async\" class=\"alignnone size-large wp-image-2184\" src=\"https:\/\/slowo-polskie.pl\/wp-content\/uploads\/2026\/03\/dunin-700x439.jpg\" alt=\"\" width=\"700\" height=\"439\" srcset=\"https:\/\/slowo-polskie.pl\/wp-content\/uploads\/2026\/03\/dunin-700x439.jpg 700w, https:\/\/slowo-polskie.pl\/wp-content\/uploads\/2026\/03\/dunin-280x176.jpg 280w, https:\/\/slowo-polskie.pl\/wp-content\/uploads\/2026\/03\/dunin-150x94.jpg 150w, https:\/\/slowo-polskie.pl\/wp-content\/uploads\/2026\/03\/dunin-768x482.jpg 768w, https:\/\/slowo-polskie.pl\/wp-content\/uploads\/2026\/03\/dunin.jpg 1200w\" sizes=\"auto, (max-width: 700px) 100vw, 700px\" \/><\/a><\/p>\n<p align=\"JUSTIFY\"><span style=\"font-family: tahoma, arial, helvetica, sans-serif;\"><span style=\"font-size: medium;\">W ramach projektu \u201eOcalamy\u201d za spraw\u0105 Oddzia\u0142u IPN we Wroc\u0142awiu, g<\/span><span style=\"font-size: medium;\">r\u00f3b weteranek zosta\u0142 wpisany do ewidencji grob\u00f3w weteran\u00f3w walk o Wolno\u015b\u0107 i Niepodleg\u0142o\u015b\u0107 Polski i umieszczono na nim specjalne insygnium \u2013 tabliczk\u0119 z napisem GR\u00d3B WETERANA \/ WALK O WOLNO\u015a\u0106 I NIEPODLEG\u0141O\u015a\u0106 POLSKI \/ INSTYTUT PAMI\u0118CI NARODOWEJ<\/span><\/span><\/p>\n<p align=\"JUSTIFY\"><a href=\"https:\/\/slowo-polskie.pl\/wp-content\/uploads\/2026\/03\/dunin2.jpg\"><img loading=\"lazy\" decoding=\"async\" class=\"alignnone size-large wp-image-2185\" src=\"https:\/\/slowo-polskie.pl\/wp-content\/uploads\/2026\/03\/dunin2-700x467.jpg\" alt=\"\" width=\"700\" height=\"467\" srcset=\"https:\/\/slowo-polskie.pl\/wp-content\/uploads\/2026\/03\/dunin2-700x467.jpg 700w, https:\/\/slowo-polskie.pl\/wp-content\/uploads\/2026\/03\/dunin2-280x187.jpg 280w, https:\/\/slowo-polskie.pl\/wp-content\/uploads\/2026\/03\/dunin2-150x100.jpg 150w, https:\/\/slowo-polskie.pl\/wp-content\/uploads\/2026\/03\/dunin2-768x513.jpg 768w, https:\/\/slowo-polskie.pl\/wp-content\/uploads\/2026\/03\/dunin2.jpg 1200w\" sizes=\"auto, (max-width: 700px) 100vw, 700px\" \/><\/a><\/p>\n<p align=\"JUSTIFY\"><a href=\"https:\/\/slowo-polskie.pl\/wp-content\/uploads\/2026\/03\/marszalek.jpg\"><img loading=\"lazy\" decoding=\"async\" class=\"alignnone size-large wp-image-2191\" src=\"https:\/\/slowo-polskie.pl\/wp-content\/uploads\/2026\/03\/marszalek-700x467.jpg\" alt=\"\" width=\"700\" height=\"467\" srcset=\"https:\/\/slowo-polskie.pl\/wp-content\/uploads\/2026\/03\/marszalek-700x467.jpg 700w, https:\/\/slowo-polskie.pl\/wp-content\/uploads\/2026\/03\/marszalek-280x187.jpg 280w, https:\/\/slowo-polskie.pl\/wp-content\/uploads\/2026\/03\/marszalek-150x100.jpg 150w, https:\/\/slowo-polskie.pl\/wp-content\/uploads\/2026\/03\/marszalek-768x513.jpg 768w, https:\/\/slowo-polskie.pl\/wp-content\/uploads\/2026\/03\/marszalek.jpg 1200w\" sizes=\"auto, (max-width: 700px) 100vw, 700px\" \/><\/a><\/p>\n<p align=\"JUSTIFY\"><span style=\"font-family: tahoma, arial, helvetica, sans-serif;\"><span style=\"font-size: medium;\">W uroczysto\u015bci uczestniczylim.in.: gen. bryg. Marek Brzezicha, dow\u00f3dca Garnizonu Wroc\u0142aw; Krzysztof Marsza\u0142ek, syn pp\u0142k. Ludwika Marsza\u0142ka ps. \u201eZbroja\u201d \u2013 patrona 16. DBOT; Damian Mrozek, wiceprzewodnicz\u0105cy Sejmiku Wojew\u00f3dztwa Dolno\u015bl\u0105skiego; rodzina Lazarowicz\u00f3w oraz mieszka\u0144cy Wroc\u0142awia. <\/span><\/span><\/p>\n<p align=\"JUSTIFY\"><a href=\"https:\/\/slowo-polskie.pl\/wp-content\/uploads\/2026\/03\/sztandar.jpg\"><img loading=\"lazy\" decoding=\"async\" class=\"alignnone size-large wp-image-2193\" src=\"https:\/\/slowo-polskie.pl\/wp-content\/uploads\/2026\/03\/sztandar-700x467.jpg\" alt=\"\" width=\"700\" height=\"467\" srcset=\"https:\/\/slowo-polskie.pl\/wp-content\/uploads\/2026\/03\/sztandar-700x467.jpg 700w, https:\/\/slowo-polskie.pl\/wp-content\/uploads\/2026\/03\/sztandar-280x187.jpg 280w, https:\/\/slowo-polskie.pl\/wp-content\/uploads\/2026\/03\/sztandar-150x100.jpg 150w, https:\/\/slowo-polskie.pl\/wp-content\/uploads\/2026\/03\/sztandar-768x513.jpg 768w, https:\/\/slowo-polskie.pl\/wp-content\/uploads\/2026\/03\/sztandar.jpg 1200w\" sizes=\"auto, (max-width: 700px) 100vw, 700px\" \/><\/a><\/p>\n<p align=\"JUSTIFY\"><span style=\"font-family: tahoma, arial, helvetica, sans-serif;\"><span style=\"color: #000000;\"><span style=\"font-size: medium;\">Po zaj\u0119ciu miejsca przez poczty i od\u015bpiewaniu hymnu Polski, uczestnik\u00f3w uroczysto\u015bci <\/span><\/span><span style=\"font-size: medium;\">zgromadzonych przed grobem serdecznie powita\u0142a Kamilla Jasi\u0144ska, wicedyrektorka Oddzia\u0142u IPN we Wroc\u0142awiu, kt\u00f3ra powiedzia\u0142a o cel powstania projektu \u201eOcalamy\u201d i przybli\u017cy\u0142a zebranym biogramy weteranek. <\/span><\/span><\/p>\n<p align=\"JUSTIFY\"><a href=\"https:\/\/slowo-polskie.pl\/wp-content\/uploads\/2026\/03\/sw.jpg\"><img loading=\"lazy\" decoding=\"async\" class=\"alignnone size-large wp-image-2192\" src=\"https:\/\/slowo-polskie.pl\/wp-content\/uploads\/2026\/03\/sw-700x467.jpg\" alt=\"\" width=\"700\" height=\"467\" srcset=\"https:\/\/slowo-polskie.pl\/wp-content\/uploads\/2026\/03\/sw-700x467.jpg 700w, https:\/\/slowo-polskie.pl\/wp-content\/uploads\/2026\/03\/sw-280x187.jpg 280w, https:\/\/slowo-polskie.pl\/wp-content\/uploads\/2026\/03\/sw-150x100.jpg 150w, https:\/\/slowo-polskie.pl\/wp-content\/uploads\/2026\/03\/sw-768x513.jpg 768w, https:\/\/slowo-polskie.pl\/wp-content\/uploads\/2026\/03\/sw.jpg 1200w\" sizes=\"auto, (max-width: 700px) 100vw, 700px\" \/><\/a><\/p>\n<p align=\"JUSTIFY\"><span style=\"font-family: tahoma, arial, helvetica, sans-serif;\"><span style=\"font-size: medium;\">Kamilla Jasi\u0144ski po przedstawieniu biogram\u00f3w Bohaterek: Marii Szpot-Dunin z domu Wolgner ps. \u201eHry\u0107\u201d (ur. 17 listopada1891 r., zm. 28 wrze\u015bnia 1985 r.); Barbary Szpot-Dunin ps. \u201eSpas\u201d z domu Wolgner (ur. 9 sierpnia 1923 r., zm. 18 lutego 2008 r.); Ewy Szpot-Dunin ps. \u201eSamogonka\u201d (ur. 10 kwietnia 1928 r., zm. 11 lutego 1990 r.), zaprosi\u0142a do wyst\u0105pienia okoliczno\u015bciowego pana Przemys\u0142awa Lazarowicza, wnuka Adama Lazarowicza ps. \u201eKlamra\u201d. (Biogramy weteranek znajduj\u0105 si\u0119 na portalu Internetowym Oddzia\u0142u IPN we Wroc\u0142awiu).<\/span><\/span><\/p>\n<p align=\"JUSTIFY\"><a href=\"https:\/\/slowo-polskie.pl\/wp-content\/uploads\/2026\/03\/dunin3.jpg\"><img loading=\"lazy\" decoding=\"async\" class=\"alignnone size-large wp-image-2186\" src=\"https:\/\/slowo-polskie.pl\/wp-content\/uploads\/2026\/03\/dunin3-700x467.jpg\" alt=\"\" width=\"700\" height=\"467\" srcset=\"https:\/\/slowo-polskie.pl\/wp-content\/uploads\/2026\/03\/dunin3-700x467.jpg 700w, https:\/\/slowo-polskie.pl\/wp-content\/uploads\/2026\/03\/dunin3-280x187.jpg 280w, https:\/\/slowo-polskie.pl\/wp-content\/uploads\/2026\/03\/dunin3-150x100.jpg 150w, https:\/\/slowo-polskie.pl\/wp-content\/uploads\/2026\/03\/dunin3-768x513.jpg 768w, https:\/\/slowo-polskie.pl\/wp-content\/uploads\/2026\/03\/dunin3.jpg 1200w\" sizes=\"auto, (max-width: 700px) 100vw, 700px\" \/><\/a><\/p>\n<p align=\"JUSTIFY\"><span style=\"font-family: tahoma, arial, helvetica, sans-serif;\"><span style=\"font-size: medium;\">Wpisanie grobu do ewidencji by\u0142o mo\u017cliwe dzi\u0119ki wnioskowi Przemys\u0142awa Lazarowicza, kt\u00f3ry osobi\u015bcie zna\u0142 i wspiera\u0142 w dzia\u0142alno\u015bci niepodleg\u0142o\u015bciowej uhonorowane kobiety, one za\u015b wspiera\u0142y jego i jego rodzin\u0119, kt\u00f3ra by\u0142a prze\u015bladowana za dzia\u0142alno\u015b\u0107 opozycyjn\u0105.<\/span><\/span><\/p>\n<p align=\"JUSTIFY\"><a href=\"https:\/\/slowo-polskie.pl\/wp-content\/uploads\/2026\/03\/dunin4.jpg\"><img loading=\"lazy\" decoding=\"async\" class=\"alignnone size-large wp-image-2187\" src=\"https:\/\/slowo-polskie.pl\/wp-content\/uploads\/2026\/03\/dunin4-700x467.jpg\" alt=\"\" width=\"700\" height=\"467\" srcset=\"https:\/\/slowo-polskie.pl\/wp-content\/uploads\/2026\/03\/dunin4-700x467.jpg 700w, https:\/\/slowo-polskie.pl\/wp-content\/uploads\/2026\/03\/dunin4-280x187.jpg 280w, https:\/\/slowo-polskie.pl\/wp-content\/uploads\/2026\/03\/dunin4-150x100.jpg 150w, https:\/\/slowo-polskie.pl\/wp-content\/uploads\/2026\/03\/dunin4-768x513.jpg 768w, https:\/\/slowo-polskie.pl\/wp-content\/uploads\/2026\/03\/dunin4.jpg 1200w\" sizes=\"auto, (max-width: 700px) 100vw, 700px\" \/><\/a><\/p>\n<p align=\"JUSTIFY\"><a href=\"https:\/\/slowo-polskie.pl\/wp-content\/uploads\/2026\/03\/dunin8.jpg\"><img loading=\"lazy\" decoding=\"async\" class=\"alignnone size-large wp-image-2188\" src=\"https:\/\/slowo-polskie.pl\/wp-content\/uploads\/2026\/03\/dunin8-700x467.jpg\" alt=\"\" width=\"700\" height=\"467\" srcset=\"https:\/\/slowo-polskie.pl\/wp-content\/uploads\/2026\/03\/dunin8-700x467.jpg 700w, https:\/\/slowo-polskie.pl\/wp-content\/uploads\/2026\/03\/dunin8-280x187.jpg 280w, https:\/\/slowo-polskie.pl\/wp-content\/uploads\/2026\/03\/dunin8-150x100.jpg 150w, https:\/\/slowo-polskie.pl\/wp-content\/uploads\/2026\/03\/dunin8-768x513.jpg 768w, https:\/\/slowo-polskie.pl\/wp-content\/uploads\/2026\/03\/dunin8.jpg 1200w\" sizes=\"auto, (max-width: 700px) 100vw, 700px\" \/><\/a><\/p>\n<p align=\"JUSTIFY\"><span style=\"font-family: tahoma, arial, helvetica, sans-serif;\">\u201e<span style=\"font-size: medium;\">Do ko\u0144ca \u017cycia czu\u0142y si\u0119 zwi\u0105zane z przysi\u0119g\u0105 wojskow\u0105 [\u2026]. Mimo prze\u015bladowa\u0144, kt\u00f3rych dozna\u0142y, zachowa\u0142y pogod\u0119 ducha i wiar\u0119 w to, \u017ce niepodleg\u0142o\u015b\u0107, w ko\u0144cu przyjdzie. Pami\u0119tam je zawsze u\u015bmiechni\u0119te i pogodne, mimo, \u017ce komuna zmarnowa\u0142a im najlepsze lata \u017cycia [\u2026]. Pami\u0119tajmy o nich, bo jest to wz\u00f3r dla nas, jak mamy si\u0119 zachowa\u0107, kiedy przyjdzie chwila pr\u00f3by\u201d \u2013 m\u00f3wi\u0142 Przemys\u0142aw Lazarowicz. <\/span><\/span><\/p>\n<p align=\"JUSTIFY\"><a href=\"https:\/\/slowo-polskie.pl\/wp-content\/uploads\/2026\/03\/dunin9.jpg\"><img loading=\"lazy\" decoding=\"async\" class=\"alignnone size-large wp-image-2189\" src=\"https:\/\/slowo-polskie.pl\/wp-content\/uploads\/2026\/03\/dunin9-700x467.jpg\" alt=\"\" width=\"700\" height=\"467\" srcset=\"https:\/\/slowo-polskie.pl\/wp-content\/uploads\/2026\/03\/dunin9-700x467.jpg 700w, https:\/\/slowo-polskie.pl\/wp-content\/uploads\/2026\/03\/dunin9-280x187.jpg 280w, https:\/\/slowo-polskie.pl\/wp-content\/uploads\/2026\/03\/dunin9-150x100.jpg 150w, https:\/\/slowo-polskie.pl\/wp-content\/uploads\/2026\/03\/dunin9-768x512.jpg 768w, https:\/\/slowo-polskie.pl\/wp-content\/uploads\/2026\/03\/dunin9.jpg 880w\" sizes=\"auto, (max-width: 700px) 100vw, 700px\" \/><\/a><\/p>\n<p align=\"JUSTIFY\"><span style=\"font-family: tahoma, arial, helvetica, sans-serif;\"><span style=\"font-size: medium;\">Podczas ceremonii ho\u0142d Bohaterkom oddano r\u00f3wnie\u017c minut\u0105 ciszy, po czym z\u0142o\u017cono kwiaty i zapalono znicze na ich grobie.<\/span><span style=\"font-size: medium;\"> Uroczysto\u015b\u0107 zako\u0144czy\u0142, zagrany przez tr\u0119bacza sygna\u0142 \u201dCisza\u201d. <\/span><\/span><\/p>\n<p align=\"JUSTIFY\"><a href=\"https:\/\/slowo-polskie.pl\/wp-content\/uploads\/2026\/03\/dunin10.jpg\"><img loading=\"lazy\" decoding=\"async\" class=\"alignnone size-large wp-image-2190\" src=\"https:\/\/slowo-polskie.pl\/wp-content\/uploads\/2026\/03\/dunin10-700x467.jpg\" alt=\"\" width=\"700\" height=\"467\" srcset=\"https:\/\/slowo-polskie.pl\/wp-content\/uploads\/2026\/03\/dunin10-700x467.jpg 700w, https:\/\/slowo-polskie.pl\/wp-content\/uploads\/2026\/03\/dunin10-280x187.jpg 280w, https:\/\/slowo-polskie.pl\/wp-content\/uploads\/2026\/03\/dunin10-150x100.jpg 150w, https:\/\/slowo-polskie.pl\/wp-content\/uploads\/2026\/03\/dunin10-768x513.jpg 768w, https:\/\/slowo-polskie.pl\/wp-content\/uploads\/2026\/03\/dunin10.jpg 1200w\" sizes=\"auto, (max-width: 700px) 100vw, 700px\" \/><\/a><\/p>\n<p align=\"JUSTIFY\"><span style=\"font-family: tahoma, arial, helvetica, sans-serif;\"><a name=\"Bookmark1\"><\/a><a name=\"_Hlk184365897\"><\/a> <span style=\"font-size: medium;\">Wojskow\u0105 asyst\u0119 stanowili \u017co\u0142nierze 16. Dolno\u015bl\u0105skiej Brygady Obrony Terytorialnej im. pp\u0142k. Ludwika Marszalka ps. \u201eZbroja\u201d <\/span><span style=\"font-size: medium;\">oraz instrumentali\u015bci Orkiestry Reprezentacyjnej Wojsk L\u0105dowych we Wroc\u0142awiu: tr\u0119bacz i werblista. Ponadto uroczysto\u015b\u0107 u\u015bwietnili: poczet chor\u0105gwiany <\/span><span style=\"font-size: medium;\">16. Dolno\u015bl\u0105skiej Brygady Obrony Terytorialnej i poczet sztandarowy Stowarzyszenia Solidarno\u015b\u0107 Walcz\u0105ca Wroc\u0142aw, z kt\u00f3r\u0105 w latach 80 XX. Wieku Maria i Barbara Szpot-Dunin wsp\u00f3\u0142pracowa\u0142y.<\/span><\/span><\/p>\n<p align=\"JUSTIFY\"><strong><span style=\"font-family: tahoma, arial, helvetica, sans-serif;\"><span style=\"font-size: medium;\">Tekst i zdj\u0119cia Andrzej Powidzki<\/span><\/span><\/strong><\/p>\n<p align=\"JUSTIFY\"><strong><span style=\"font-family: tahoma, arial, helvetica, sans-serif;\"><span style=\"font-size: medium;\">Wroc\u0142aw, 08 marca 2026 r.<\/span><\/span><\/strong><\/p>\n","protected":false},"excerpt":{"rendered":"<p>Dzie\u0144 Kobiet to nie tylko okazja do sk\u0142adania \u017cycze\u0144 i wr\u0119czania kwiat\u00f3w. To tak\u017ce moment, by przypomnie\u0107 o kobietach, kt\u00f3re swoj\u0105 odwag\u0105, determinacj\u0105 i po\u015bwi\u0119ceniem zapisa\u0142y si\u0119 w historii walk <span class=\"excerpt-dots\">&hellip;<\/span> <a class=\"more-link\" href=\"https:\/\/slowo-polskie.pl\/index.php\/2026\/03\/09\/ocalamy-pamiec-o-obroncach-ojczyzny-marii-szpot-dunin-barbary-szpot-dunin-ewy-szpot-dunin-matki-i-dwoch-corek\/\"><span class=\"more-msg\">Czytaj dalej &rarr;<\/span><\/a><\/p>\n","protected":false},"author":2,"featured_media":2193,"comment_status":"open","ping_status":"open","sticky":false,"template":"","format":"standard","meta":{"footnotes":""},"categories":[31],"tags":[],"class_list":["post-2183","post","type-post","status-publish","format-standard","has-post-thumbnail","hentry","category-powidzki-andrzej"],"_links":{"self":[{"href":"https:\/\/slowo-polskie.pl\/index.php\/wp-json\/wp\/v2\/posts\/2183","targetHints":{"allow":["GET"]}}],"collection":[{"href":"https:\/\/slowo-polskie.pl\/index.php\/wp-json\/wp\/v2\/posts"}],"about":[{"href":"https:\/\/slowo-polskie.pl\/index.php\/wp-json\/wp\/v2\/types\/post"}],"author":[{"embeddable":true,"href":"https:\/\/slowo-polskie.pl\/index.php\/wp-json\/wp\/v2\/users\/2"}],"replies":[{"embeddable":true,"href":"https:\/\/slowo-polskie.pl\/index.php\/wp-json\/wp\/v2\/comments?post=2183"}],"version-history":[{"count":1,"href":"https:\/\/slowo-polskie.pl\/index.php\/wp-json\/wp\/v2\/posts\/2183\/revisions"}],"predecessor-version":[{"id":2194,"href":"https:\/\/slowo-polskie.pl\/index.php\/wp-json\/wp\/v2\/posts\/2183\/revisions\/2194"}],"wp:featuredmedia":[{"embeddable":true,"href":"https:\/\/slowo-polskie.pl\/index.php\/wp-json\/wp\/v2\/media\/2193"}],"wp:attachment":[{"href":"https:\/\/slowo-polskie.pl\/index.php\/wp-json\/wp\/v2\/media?parent=2183"}],"wp:term":[{"taxonomy":"category","embeddable":true,"href":"https:\/\/slowo-polskie.pl\/index.php\/wp-json\/wp\/v2\/categories?post=2183"},{"taxonomy":"post_tag","embeddable":true,"href":"https:\/\/slowo-polskie.pl\/index.php\/wp-json\/wp\/v2\/tags?post=2183"}],"curies":[{"name":"wp","href":"https:\/\/api.w.org\/{rel}","templated":true}]}}