{"id":2195,"date":"2026-03-10T09:58:25","date_gmt":"2026-03-10T08:58:25","guid":{"rendered":"https:\/\/slowo-polskie.pl\/?p=2195"},"modified":"2026-03-10T09:58:25","modified_gmt":"2026-03-10T08:58:25","slug":"piotr-wieczorek-pomniki-wspomniki-wystawa-indywidualna-w-ramach-projektu-szalone-lata-90","status":"publish","type":"post","link":"https:\/\/slowo-polskie.pl\/index.php\/2026\/03\/10\/piotr-wieczorek-pomniki-wspomniki-wystawa-indywidualna-w-ramach-projektu-szalone-lata-90\/","title":{"rendered":"\u201ePiotr Wieczorek\/ Pomniki-wspomniki&#8221;  Wystawa indywidualna w ramach projektu \u201eSzalone lata &#8217;90&#8221;"},"content":{"rendered":"<p class=\"v1MsoNormal\"><strong>Poszcz\u0119\u015bci\u0142o si\u0119 nam! Piotr Wieczorek zaprasza Kalamburowc\u00f3w i przyjaci\u00f3\u0142 na specjalne oprowadzenie i opowiadanie o swoich pracach, kt\u00f3re prezentuje pod has\u0142em \u201ePomniki-wspomniki&#8221;.<span class=\"v1gmail_default\">\u00a0na w<\/span>ystaw<span class=\"v1gmail_default\">ie<\/span>\u00a0<span class=\"v1gmail_default\">\u00a0<\/span>indywidualn<span class=\"v1gmail_default\">ej<\/span>\u00a0w ramach projektu \u201eSzalone lata &#8217;90&#8221;<span class=\"v1gmail_default\">.<\/span><\/strong><\/p>\n<p class=\"v1MsoNormal\">Jak czytamy w opisie wystawy: \u201e<em>Te dowcipne, polemiczne kola\u017ce odnosz\u0105 si\u0119 cz\u0119sto do konkretnych os\u00f3b, sytuacji lub kr\u0105\u017c\u0105cych w przestrzeni idei i poj\u0119\u0107. W istocie mieszcz\u0105 one w sobie syntez\u0119 ca\u0142ej scenograficzno-ceramiczno-rze\u017abiarsko-malarskiej tw\u00f3rczo\u015bci Wieczorka z okresu blisko 70 lat.<\/em>&#8222;<\/p>\n<p class=\"v1MsoNormal\"><b>Spotykamy si\u0119<span class=\"v1gmail_default\">!<\/span><\/b><\/p>\n<p class=\"v1MsoNormal\"><b>14 marca (sobota) , godz. 14.00<br \/>\n<\/b><b>Galeria Miejska we Wroc\u0142awiu<br \/>\n<\/b><b>ul. Kie\u0142ba\u015bnicza 28<\/b><\/p>\n<p><a href=\"https:\/\/slowo-polskie.pl\/wp-content\/uploads\/2026\/03\/logo-sew-stopka.jpg\"><img loading=\"lazy\" decoding=\"async\" class=\"alignnone size-large wp-image-2196\" src=\"https:\/\/slowo-polskie.pl\/wp-content\/uploads\/2026\/03\/logo-sew-stopka-700x700.jpg\" alt=\"\" width=\"700\" height=\"700\" srcset=\"https:\/\/slowo-polskie.pl\/wp-content\/uploads\/2026\/03\/logo-sew-stopka-700x700.jpg 700w, https:\/\/slowo-polskie.pl\/wp-content\/uploads\/2026\/03\/logo-sew-stopka-280x280.jpg 280w, https:\/\/slowo-polskie.pl\/wp-content\/uploads\/2026\/03\/logo-sew-stopka-150x150.jpg 150w, https:\/\/slowo-polskie.pl\/wp-content\/uploads\/2026\/03\/logo-sew-stopka.jpg 720w\" sizes=\"auto, (max-width: 700px) 100vw, 700px\" \/><\/a><\/p>\n","protected":false},"excerpt":{"rendered":"<p>Poszcz\u0119\u015bci\u0142o si\u0119 nam! Piotr Wieczorek zaprasza Kalamburowc\u00f3w i przyjaci\u00f3\u0142 na specjalne oprowadzenie i opowiadanie o swoich pracach, kt\u00f3re prezentuje pod has\u0142em \u201ePomniki-wspomniki&#8221;.\u00a0na wystawie\u00a0\u00a0indywidualnej\u00a0w ramach projektu \u201eSzalone lata &#8217;90&#8221;. Jak czytamy <span class=\"excerpt-dots\">&hellip;<\/span> <a class=\"more-link\" href=\"https:\/\/slowo-polskie.pl\/index.php\/2026\/03\/10\/piotr-wieczorek-pomniki-wspomniki-wystawa-indywidualna-w-ramach-projektu-szalone-lata-90\/\"><span class=\"more-msg\">Czytaj dalej &rarr;<\/span><\/a><\/p>\n","protected":false},"author":2,"featured_media":2197,"comment_status":"open","ping_status":"open","sticky":false,"template":"","format":"standard","meta":{"footnotes":""},"categories":[16,33],"tags":[],"class_list":["post-2195","post","type-post","status-publish","format-standard","has-post-thumbnail","hentry","category-anonse","category-redakcyjny-tekst"],"_links":{"self":[{"href":"https:\/\/slowo-polskie.pl\/index.php\/wp-json\/wp\/v2\/posts\/2195","targetHints":{"allow":["GET"]}}],"collection":[{"href":"https:\/\/slowo-polskie.pl\/index.php\/wp-json\/wp\/v2\/posts"}],"about":[{"href":"https:\/\/slowo-polskie.pl\/index.php\/wp-json\/wp\/v2\/types\/post"}],"author":[{"embeddable":true,"href":"https:\/\/slowo-polskie.pl\/index.php\/wp-json\/wp\/v2\/users\/2"}],"replies":[{"embeddable":true,"href":"https:\/\/slowo-polskie.pl\/index.php\/wp-json\/wp\/v2\/comments?post=2195"}],"version-history":[{"count":1,"href":"https:\/\/slowo-polskie.pl\/index.php\/wp-json\/wp\/v2\/posts\/2195\/revisions"}],"predecessor-version":[{"id":2198,"href":"https:\/\/slowo-polskie.pl\/index.php\/wp-json\/wp\/v2\/posts\/2195\/revisions\/2198"}],"wp:featuredmedia":[{"embeddable":true,"href":"https:\/\/slowo-polskie.pl\/index.php\/wp-json\/wp\/v2\/media\/2197"}],"wp:attachment":[{"href":"https:\/\/slowo-polskie.pl\/index.php\/wp-json\/wp\/v2\/media?parent=2195"}],"wp:term":[{"taxonomy":"category","embeddable":true,"href":"https:\/\/slowo-polskie.pl\/index.php\/wp-json\/wp\/v2\/categories?post=2195"},{"taxonomy":"post_tag","embeddable":true,"href":"https:\/\/slowo-polskie.pl\/index.php\/wp-json\/wp\/v2\/tags?post=2195"}],"curies":[{"name":"wp","href":"https:\/\/api.w.org\/{rel}","templated":true}]}}