{"id":2199,"date":"2026-03-10T10:22:50","date_gmt":"2026-03-10T09:22:50","guid":{"rendered":"https:\/\/slowo-polskie.pl\/?p=2199"},"modified":"2026-03-10T10:22:50","modified_gmt":"2026-03-10T09:22:50","slug":"88-rocznica-ogloszenia-prawd-polakow-spod-znaku-rodla-xxii-ogolnopolska-edycja-swieta-polskiej-mlodziezy-spod-znaku-rodla","status":"publish","type":"post","link":"https:\/\/slowo-polskie.pl\/index.php\/2026\/03\/10\/88-rocznica-ogloszenia-prawd-polakow-spod-znaku-rodla-xxii-ogolnopolska-edycja-swieta-polskiej-mlodziezy-spod-znaku-rodla\/","title":{"rendered":"88. rocznica og\u0142oszenia Prawd Polak\u00f3w spod Znaku Rod\u0142a. XXII og\u00f3lnopolska  edycja \u015awi\u0119ta Polskiej M\u0142odzie\u017cy spod Znaku Rod\u0142a."},"content":{"rendered":"<p align=\"JUSTIFY\"><strong><span style=\"font-family: tahoma, arial, helvetica, sans-serif;\">\u201e<span style=\"font-size: medium;\">Pi\u0119\u0107 Prawd Polak\u00f3w\u201d wiernych syn\u00f3w narodu polskiego spod znaku Rod\u0142a, kt\u00f3re sta\u0142y si\u0119 swojego rodzaju drogowskazem Polak\u00f3w, stanowi\u0105cym podstaw\u0119 ideow\u0105 dzia\u0142alno\u015bci Zwi\u0105zku Polak\u00f3w w Niemczech, s\u0105 dalej aktualne dla zachowania narodowej to\u017csamo\u015bci. Dzisiaj, przypominane z Wroc\u0142awia, wsp\u00f3\u0142czesnej stolicy spod Znaku Rod\u0142a w XXI wieku, wszystkim Polakom nad Wis\u0142\u0105, Odr\u0105 oraz Polonii obecnej na ca\u0142ym \u015bwiecie, niech b\u0119d\u0105 r\u00f3wnie\u017c odpowiednim kierunkowskazem i antidotum dla Narodu Polskiego, podzielonego wskutek wielu wydarze\u0144 ostatnich lat w polityce krajowej.<\/span><\/span><\/strong><\/p>\n<p align=\"JUSTIFY\"><a href=\"https:\/\/slowo-polskie.pl\/wp-content\/uploads\/2026\/03\/rodlo-1.jpg\"><img loading=\"lazy\" decoding=\"async\" class=\"alignnone size-large wp-image-2200\" src=\"https:\/\/slowo-polskie.pl\/wp-content\/uploads\/2026\/03\/rodlo-1-700x467.jpg\" alt=\"\" width=\"700\" height=\"467\" srcset=\"https:\/\/slowo-polskie.pl\/wp-content\/uploads\/2026\/03\/rodlo-1-700x467.jpg 700w, https:\/\/slowo-polskie.pl\/wp-content\/uploads\/2026\/03\/rodlo-1-280x187.jpg 280w, https:\/\/slowo-polskie.pl\/wp-content\/uploads\/2026\/03\/rodlo-1-150x100.jpg 150w, https:\/\/slowo-polskie.pl\/wp-content\/uploads\/2026\/03\/rodlo-1-768x513.jpg 768w, https:\/\/slowo-polskie.pl\/wp-content\/uploads\/2026\/03\/rodlo-1.jpg 1200w\" sizes=\"auto, (max-width: 700px) 100vw, 700px\" \/><\/a><\/p>\n<p align=\"JUSTIFY\"><span style=\"font-family: tahoma, arial, helvetica, sans-serif;\"><span style=\"font-size: medium;\">W niedziel\u0119, 8 marca 2026 roku, na wroc\u0142awskim Ostrowie Tumskim przy ko\u015bciele \u015bw. Marcina odby\u0142a si\u0119 uroczysto\u015b\u0107 upami\u0119tniaj\u0105ca 88. rocznic\u0119 og\u0142oszenia Pi\u0119ciu Prawd Polak\u00f3w spod Znaku Rod\u0142a, podczas I Kongresu Polak\u00f3w w Niemczech 6 marca 1938 roku. By\u0142a to ju\u017c XXII og\u00f3lnopolska edycja \u015awi\u0119ta Polskiej M\u0142odzie\u017cy spod Znaku Rod\u0142a. <\/span><\/span><\/p>\n<p align=\"JUSTIFY\"><span style=\"font-family: tahoma, arial, helvetica, sans-serif;\"><span style=\"font-size: medium;\">O godzinie 8:30. uroczysto\u015b\u0107 otworzy\u0142, Tadeusz Szczyrbak prezes Zarz\u0105du Fundacji Rodzina Rod\u0142a, kt\u00f3ry tym razem sprawowa\u0142 te\u017c rol\u0119 konferansjera i narratora tego wydarzenia patriotycznego. Na wst\u0119pie serdecznie przywita\u0142 wszystkich zgromadzonych oraz wskaza\u0142 organizator\u00f3w i patron\u00f3w Wydarzenia m.in.: Instytut Witosa, kt\u00f3rego celem jest, aby warto\u015bci, kt\u00f3re kszta\u0142towa\u0142y Polsk\u0119 \u2013 praca, solidarno\u015b\u0107 i wolno\u015b\u0107 \u2013 inspirowa\u0142y kolejne pokolenia; Fundacj\u0119 Polskie Gniazdo, kt\u00f3rej najwa\u017cniejszym celem jest organizowanie mecenatu nad Kultur\u0105 Narodow\u0105 na fundamencie nauczania Jana Paw\u0142a II.<\/span><\/span><\/p>\n<p align=\"JUSTIFY\"><span style=\"font-family: tahoma, arial, helvetica, sans-serif;\"><span style=\"font-size: medium;\">W trakcie uroczysto\u015bci odczyta\u0142 okoliczno\u015bciowy list od W\u0142adys\u0142awa Kosiniaka-Kamysza, wiceprezesa Rady Ministr\u00f3w i ministra Obrony Narodowej. <\/span><span style=\"font-size: medium;\"><i>\u201ePrawdy Polak\u00f3w z ponad 88. lat nie by\u0142y tylko deklaracj\u0105 to\u017csamo\u015bci, by\u0142y aktem odwagi wypowiedzianej przez Polak\u00f3w \u017cyj\u0105cych pod niemieckim panowaniem w czasach, gdy samo przyznanie si\u0119 do polsko\u015bci wymaga\u0142o determinacji, po\u015bwi\u0119cenia. Stoi si\u0119 fundamentem, na kt\u00f3rym op\u00f3r i przetrwanie. Pi\u0119\u0107 prostych prawd o j\u0119zyku, ziemi, pracy, kultury i wierno\u015bci okaza\u0142o si\u0119 silniejsze ni\u017c przemoc i przymus\u201d<\/i><\/span><span style=\"font-size: medium;\"> \u2013 napisa\u0142 minister Kosiniak-Kamysz. <\/span><\/span><\/p>\n<p align=\"JUSTIFY\"><span style=\"font-family: tahoma, arial, helvetica, sans-serif;\"><span style=\"font-size: medium;\">Po od\u015bpiewaniu hymnu pa\u0144stwowego Tadeusz Szczyrbak przyzna\u0142, \u017ce misja przypominania dziedzictwa, apelowania o jedno\u015b\u0107, budowania wsp\u00f3lnoty narodowej &#8211; nie ma bardziej warto\u015bciowego patriotyzmu. <\/span><\/span><\/p>\n<p align=\"JUSTIFY\"><a href=\"https:\/\/slowo-polskie.pl\/wp-content\/uploads\/2026\/03\/rodlo2.jpg\"><img loading=\"lazy\" decoding=\"async\" class=\"alignnone size-large wp-image-2201\" src=\"https:\/\/slowo-polskie.pl\/wp-content\/uploads\/2026\/03\/rodlo2-700x467.jpg\" alt=\"\" width=\"700\" height=\"467\" srcset=\"https:\/\/slowo-polskie.pl\/wp-content\/uploads\/2026\/03\/rodlo2-700x467.jpg 700w, https:\/\/slowo-polskie.pl\/wp-content\/uploads\/2026\/03\/rodlo2-280x187.jpg 280w, https:\/\/slowo-polskie.pl\/wp-content\/uploads\/2026\/03\/rodlo2-150x100.jpg 150w, https:\/\/slowo-polskie.pl\/wp-content\/uploads\/2026\/03\/rodlo2-768x513.jpg 768w, https:\/\/slowo-polskie.pl\/wp-content\/uploads\/2026\/03\/rodlo2.jpg 1200w\" sizes=\"auto, (max-width: 700px) 100vw, 700px\" \/><\/a><\/p>\n<p align=\"JUSTIFY\"><a href=\"https:\/\/slowo-polskie.pl\/wp-content\/uploads\/2026\/03\/rodlo3.jpg\"><img loading=\"lazy\" decoding=\"async\" class=\"alignnone size-large wp-image-2202\" src=\"https:\/\/slowo-polskie.pl\/wp-content\/uploads\/2026\/03\/rodlo3-700x467.jpg\" alt=\"\" width=\"700\" height=\"467\" srcset=\"https:\/\/slowo-polskie.pl\/wp-content\/uploads\/2026\/03\/rodlo3-700x467.jpg 700w, https:\/\/slowo-polskie.pl\/wp-content\/uploads\/2026\/03\/rodlo3-280x187.jpg 280w, https:\/\/slowo-polskie.pl\/wp-content\/uploads\/2026\/03\/rodlo3-150x100.jpg 150w, https:\/\/slowo-polskie.pl\/wp-content\/uploads\/2026\/03\/rodlo3-768x513.jpg 768w, https:\/\/slowo-polskie.pl\/wp-content\/uploads\/2026\/03\/rodlo3.jpg 1200w\" sizes=\"auto, (max-width: 700px) 100vw, 700px\" \/><\/a><\/p>\n<p align=\"JUSTIFY\"><span style=\"font-family: tahoma, arial, helvetica, sans-serif;\"><span style=\"font-size: medium;\">Pi\u0119\u0107 prawd Polak\u00f3w spod Znaku Rod\u0142a to: \u201eJeste\u015bmy Polakami! Wiara Ojc\u00f3w naszych jest wiar\u0105 naszych dzieci! Polak Polakowi bratem! Co dzie\u0144 Polak Narodowi s\u0142u\u017cy! Polska Matk\u0105 nasz\u0105 &#8211; nie wolno m\u00f3wi\u0107 o Matce \u017ale!\u201d. Te zdania wci\u0105\u017c aktualne, m\u0105dre, uniwersalne, ponadczasowe i bardzo potrzebne dzisiejszym pokoleniom Polak\u00f3w w Polsce i poza jej granicami. Jednocze\u015bnie zaznaczy\u0142, \u017ce \u017cycie pokazuje, \u017ce Prawdy Polak\u00f3w, kto wie czy dzisiaj Anno Domini 2026, nie s\u0105 nawet bardziej potrzebne polskiemu narodowi ni\u017c naszym rodakom 88. lat temu. <\/span><\/span><\/p>\n<p align=\"JUSTIFY\"><a href=\"https:\/\/slowo-polskie.pl\/wp-content\/uploads\/2026\/03\/rodlo4.jpg\"><img loading=\"lazy\" decoding=\"async\" class=\"alignnone size-large wp-image-2203\" src=\"https:\/\/slowo-polskie.pl\/wp-content\/uploads\/2026\/03\/rodlo4-700x467.jpg\" alt=\"\" width=\"700\" height=\"467\" srcset=\"https:\/\/slowo-polskie.pl\/wp-content\/uploads\/2026\/03\/rodlo4-700x467.jpg 700w, https:\/\/slowo-polskie.pl\/wp-content\/uploads\/2026\/03\/rodlo4-280x187.jpg 280w, https:\/\/slowo-polskie.pl\/wp-content\/uploads\/2026\/03\/rodlo4-150x100.jpg 150w, https:\/\/slowo-polskie.pl\/wp-content\/uploads\/2026\/03\/rodlo4-768x513.jpg 768w, https:\/\/slowo-polskie.pl\/wp-content\/uploads\/2026\/03\/rodlo4.jpg 1200w\" sizes=\"auto, (max-width: 700px) 100vw, 700px\" \/><\/a><\/p>\n<p align=\"JUSTIFY\"><a href=\"https:\/\/slowo-polskie.pl\/wp-content\/uploads\/2026\/03\/rodlo5.jpg\"><img loading=\"lazy\" decoding=\"async\" class=\"alignnone size-large wp-image-2204\" src=\"https:\/\/slowo-polskie.pl\/wp-content\/uploads\/2026\/03\/rodlo5-700x467.jpg\" alt=\"\" width=\"700\" height=\"467\" srcset=\"https:\/\/slowo-polskie.pl\/wp-content\/uploads\/2026\/03\/rodlo5-700x467.jpg 700w, https:\/\/slowo-polskie.pl\/wp-content\/uploads\/2026\/03\/rodlo5-280x187.jpg 280w, https:\/\/slowo-polskie.pl\/wp-content\/uploads\/2026\/03\/rodlo5-150x100.jpg 150w, https:\/\/slowo-polskie.pl\/wp-content\/uploads\/2026\/03\/rodlo5-768x513.jpg 768w, https:\/\/slowo-polskie.pl\/wp-content\/uploads\/2026\/03\/rodlo5.jpg 1200w\" sizes=\"auto, (max-width: 700px) 100vw, 700px\" \/><\/a><\/p>\n<p align=\"JUSTIFY\"><span style=\"font-family: tahoma, arial, helvetica, sans-serif;\"><span style=\"font-size: medium;\">Przedstawi\u0142 t\u0142o historyczne mniejszo\u015bci polskiej w Niemczech w latach 1928-1938 oraz wydarzenie najwa\u017cniejsze z I Kongresu Polak\u00f3w w Niemczech, uzupe\u0142nione archiwalnym nagraniem, kiedy g\u0142os zabra\u0142 doktor Jan Kaczmarek, sekretarz generalny Zwi\u0105zku Polak\u00f3w w Niemczech, kt\u00f3ry powiedzia\u0142: <\/span><span style=\"font-size: medium;\"><i>\u201eW dzie\u0144 6 maja1938 roku my, synowie narodu polskiego, wierni synowie spod znaku Rod\u0142a, zebrani na Wielkim Kongresie Polak\u00f3w w Niemczech, og\u0142aszamy uroczy\u015bcie pi\u0119\u0107 prawd Polak\u00f3w. Prawda pierwsza: Jeste\u015bmy Polakami. Prawda druga: Wiara ojc\u00f3w naszych jest wiar\u0105 naszych dzieci. Prawda trzecia: Polak Polakowi bratem. Prawda czwarta: Co dzie\u0144 Polak narodowi s\u0142u\u017cy. Prawda pi\u0105ta: Polska jest matk\u0105 nasz\u0105, nie wolno m\u00f3wi\u0107 o matce \u017ale\u201d<\/i><\/span><span style=\"font-size: medium;\"> [\u2026] <\/span><span style=\"font-size: medium;\"><i>\u201ePrawdy nasze nie z rozumu m\u0119drc\u00f3w wielkich si\u0119 wywodz\u0105, ale z najprostszych serc Ludu Polskiego wydobyte s\u0105. I dzi\u015b st\u0105d, z Kongresu Polak\u00f3w w Niemczech. Prawdy te do wszystkich serc polskich w \u015bwiecie posy\u0142am\u201d.<\/i><\/span><\/span><\/p>\n<p align=\"JUSTIFY\"><a href=\"https:\/\/slowo-polskie.pl\/wp-content\/uploads\/2026\/03\/rodlo6.jpg\"><img loading=\"lazy\" decoding=\"async\" class=\"alignnone size-large wp-image-2205\" src=\"https:\/\/slowo-polskie.pl\/wp-content\/uploads\/2026\/03\/rodlo6-700x467.jpg\" alt=\"\" width=\"700\" height=\"467\" srcset=\"https:\/\/slowo-polskie.pl\/wp-content\/uploads\/2026\/03\/rodlo6-700x467.jpg 700w, https:\/\/slowo-polskie.pl\/wp-content\/uploads\/2026\/03\/rodlo6-280x187.jpg 280w, https:\/\/slowo-polskie.pl\/wp-content\/uploads\/2026\/03\/rodlo6-150x100.jpg 150w, https:\/\/slowo-polskie.pl\/wp-content\/uploads\/2026\/03\/rodlo6-768x513.jpg 768w, https:\/\/slowo-polskie.pl\/wp-content\/uploads\/2026\/03\/rodlo6.jpg 1200w\" sizes=\"auto, (max-width: 700px) 100vw, 700px\" \/><\/a><\/p>\n<p align=\"JUSTIFY\"><a href=\"https:\/\/slowo-polskie.pl\/wp-content\/uploads\/2026\/03\/wowa_brodecki.jpg\"><img loading=\"lazy\" decoding=\"async\" class=\"alignnone size-large wp-image-2212\" src=\"https:\/\/slowo-polskie.pl\/wp-content\/uploads\/2026\/03\/wowa_brodecki-700x467.jpg\" alt=\"\" width=\"700\" height=\"467\" srcset=\"https:\/\/slowo-polskie.pl\/wp-content\/uploads\/2026\/03\/wowa_brodecki-700x467.jpg 700w, https:\/\/slowo-polskie.pl\/wp-content\/uploads\/2026\/03\/wowa_brodecki-280x187.jpg 280w, https:\/\/slowo-polskie.pl\/wp-content\/uploads\/2026\/03\/wowa_brodecki-150x100.jpg 150w, https:\/\/slowo-polskie.pl\/wp-content\/uploads\/2026\/03\/wowa_brodecki-768x513.jpg 768w, https:\/\/slowo-polskie.pl\/wp-content\/uploads\/2026\/03\/wowa_brodecki.jpg 1200w\" sizes=\"auto, (max-width: 700px) 100vw, 700px\" \/><\/a><\/p>\n<p align=\"JUSTIFY\"><span style=\"font-family: tahoma, arial, helvetica, sans-serif;\"><span style=\"font-size: medium;\">Sergio Pisano, radny Rady Miejskiej w Miliczu, doradca Artura Jurkowskiego, wicewojewody dolno\u015bl\u0105skiego odczyta\u0142 okoliczno\u015bciowe listy skierowane do uczestnik\u00f3w wydarzenia. List od Stefana Krajewskiego, Ministra Rolnictwa i Rozwoju Wsi, w kt\u00f3rym nawi\u0105za\u0142 do znaku Rod\u0142a: [\u2026] Znak Wis\u0142y z zaznaczonym Krakowem symbolizuje wi\u0119\u017a Polak\u00f3w, kt\u00f3rzy byli poza granicami kraju z macierz\u0105 [\u2026] oraz list od Mi\u0142osza Motyki, Ministra Energii.<\/span><\/span><\/p>\n<p align=\"JUSTIFY\"><a href=\"https:\/\/slowo-polskie.pl\/wp-content\/uploads\/2026\/03\/rodlo8.jpg\"><img loading=\"lazy\" decoding=\"async\" class=\"alignnone size-large wp-image-2206\" src=\"https:\/\/slowo-polskie.pl\/wp-content\/uploads\/2026\/03\/rodlo8-700x467.jpg\" alt=\"\" width=\"700\" height=\"467\" srcset=\"https:\/\/slowo-polskie.pl\/wp-content\/uploads\/2026\/03\/rodlo8-700x467.jpg 700w, https:\/\/slowo-polskie.pl\/wp-content\/uploads\/2026\/03\/rodlo8-280x187.jpg 280w, https:\/\/slowo-polskie.pl\/wp-content\/uploads\/2026\/03\/rodlo8-150x100.jpg 150w, https:\/\/slowo-polskie.pl\/wp-content\/uploads\/2026\/03\/rodlo8-768x513.jpg 768w, https:\/\/slowo-polskie.pl\/wp-content\/uploads\/2026\/03\/rodlo8.jpg 1200w\" sizes=\"auto, (max-width: 700px) 100vw, 700px\" \/><\/a><\/p>\n<p align=\"JUSTIFY\"><span style=\"font-family: tahoma, arial, helvetica, sans-serif;\"><span style=\"font-size: medium;\">Jerzy Ziomek, prezes Fundacji Polskie Gniazdo we Wroc\u0142awiu, organizacji polonijnej, przypomnia\u0142, \u017ce nasi rodacy pos\u0142ugiwali si\u0119 tymi prawdami na co dzie\u0144. <\/span><\/span><\/p>\n<p align=\"JUSTIFY\"><a href=\"https:\/\/slowo-polskie.pl\/wp-content\/uploads\/2026\/03\/rodlo9.jpg\"><img loading=\"lazy\" decoding=\"async\" class=\"alignnone size-large wp-image-2207\" src=\"https:\/\/slowo-polskie.pl\/wp-content\/uploads\/2026\/03\/rodlo9-700x467.jpg\" alt=\"\" width=\"700\" height=\"467\" srcset=\"https:\/\/slowo-polskie.pl\/wp-content\/uploads\/2026\/03\/rodlo9-700x467.jpg 700w, https:\/\/slowo-polskie.pl\/wp-content\/uploads\/2026\/03\/rodlo9-280x187.jpg 280w, https:\/\/slowo-polskie.pl\/wp-content\/uploads\/2026\/03\/rodlo9-150x100.jpg 150w, https:\/\/slowo-polskie.pl\/wp-content\/uploads\/2026\/03\/rodlo9-768x513.jpg 768w, https:\/\/slowo-polskie.pl\/wp-content\/uploads\/2026\/03\/rodlo9.jpg 1200w\" sizes=\"auto, (max-width: 700px) 100vw, 700px\" \/><\/a><\/p>\n<p align=\"JUSTIFY\"><span style=\"font-family: tahoma, arial, helvetica, sans-serif;\"><span style=\"font-size: medium;\">Tadeusz Szczyrbak odczyta\u0142 upami\u0119tnienie po\u015bwi\u0119cone Polakom spod Znaku Rod\u0142a. Delegacje, wyrazi\u0142y ho\u0142d Polakom spod Znaku Rod\u0142a poprzez tradycyjne z\u0142o\u017cenie kwiat\u00f3w, przed tablic\u0105 \u201ePi\u0119ciu Prawd Polak\u00f3w\u201d umieszczon\u0105 na murze ko\u015bcio\u0142a \u015bw. Marcina, a m\u0142odzie\u017c szkolna zapali\u0142a 88. zniczy pami\u0119ci, bia\u0142ych i czerwonych, upami\u0119tniaj\u0105c obchodzon\u0105 rocznic\u0119. <\/span><\/span><\/p>\n<p align=\"JUSTIFY\"><a href=\"https:\/\/slowo-polskie.pl\/wp-content\/uploads\/2026\/03\/rodlo10.jpg\"><img loading=\"lazy\" decoding=\"async\" class=\"alignnone size-large wp-image-2208\" src=\"https:\/\/slowo-polskie.pl\/wp-content\/uploads\/2026\/03\/rodlo10-700x467.jpg\" alt=\"\" width=\"700\" height=\"467\" srcset=\"https:\/\/slowo-polskie.pl\/wp-content\/uploads\/2026\/03\/rodlo10-700x467.jpg 700w, https:\/\/slowo-polskie.pl\/wp-content\/uploads\/2026\/03\/rodlo10-280x187.jpg 280w, https:\/\/slowo-polskie.pl\/wp-content\/uploads\/2026\/03\/rodlo10-150x100.jpg 150w, https:\/\/slowo-polskie.pl\/wp-content\/uploads\/2026\/03\/rodlo10-768x513.jpg 768w, https:\/\/slowo-polskie.pl\/wp-content\/uploads\/2026\/03\/rodlo10.jpg 1200w\" sizes=\"auto, (max-width: 700px) 100vw, 700px\" \/><\/a><\/p>\n<p align=\"JUSTIFY\"><a href=\"https:\/\/slowo-polskie.pl\/wp-content\/uploads\/2026\/03\/rodlo11.jpg\"><img loading=\"lazy\" decoding=\"async\" class=\"alignnone size-large wp-image-2209\" src=\"https:\/\/slowo-polskie.pl\/wp-content\/uploads\/2026\/03\/rodlo11-700x467.jpg\" alt=\"\" width=\"700\" height=\"467\" srcset=\"https:\/\/slowo-polskie.pl\/wp-content\/uploads\/2026\/03\/rodlo11-700x467.jpg 700w, https:\/\/slowo-polskie.pl\/wp-content\/uploads\/2026\/03\/rodlo11-280x187.jpg 280w, https:\/\/slowo-polskie.pl\/wp-content\/uploads\/2026\/03\/rodlo11-150x100.jpg 150w, https:\/\/slowo-polskie.pl\/wp-content\/uploads\/2026\/03\/rodlo11-768x513.jpg 768w, https:\/\/slowo-polskie.pl\/wp-content\/uploads\/2026\/03\/rodlo11.jpg 1200w\" sizes=\"auto, (max-width: 700px) 100vw, 700px\" \/><\/a><\/p>\n<p align=\"JUSTIFY\"><span style=\"font-family: tahoma, arial, helvetica, sans-serif;\"><span style=\"font-size: medium;\">Pierwsz\u0105 cz\u0119\u015b\u0107 uroczysto\u015bci zako\u0144czy\u0142, <\/span><span style=\"font-size: medium;\">salut kawaleryjski wykonany przez pu\u0142kownika W\u0142odzimierza Wowa Brodeckiego z Krakowa, Pierwszego U\u0142ana Rzeczypospolitej \u2013 rekonstruktora, kt\u00f3ry w szyku marszowym poprowadzi\u0142 uczestnik\u00f3w do Katedry Wroc\u0142awskiej pw. \u015bw. Jana Chrzciciela &#8211; by\u0142 to ju\u017c 11. Marsz Rod\u0142a.<\/span><\/span><\/p>\n<p align=\"JUSTIFY\"><a href=\"https:\/\/slowo-polskie.pl\/wp-content\/uploads\/2026\/03\/rodlo12.jpg\"><img loading=\"lazy\" decoding=\"async\" class=\"alignnone size-large wp-image-2210\" src=\"https:\/\/slowo-polskie.pl\/wp-content\/uploads\/2026\/03\/rodlo12-700x467.jpg\" alt=\"\" width=\"700\" height=\"467\" srcset=\"https:\/\/slowo-polskie.pl\/wp-content\/uploads\/2026\/03\/rodlo12-700x467.jpg 700w, https:\/\/slowo-polskie.pl\/wp-content\/uploads\/2026\/03\/rodlo12-280x187.jpg 280w, https:\/\/slowo-polskie.pl\/wp-content\/uploads\/2026\/03\/rodlo12-150x100.jpg 150w, https:\/\/slowo-polskie.pl\/wp-content\/uploads\/2026\/03\/rodlo12-768x513.jpg 768w, https:\/\/slowo-polskie.pl\/wp-content\/uploads\/2026\/03\/rodlo12.jpg 1200w\" sizes=\"auto, (max-width: 700px) 100vw, 700px\" \/><\/a><\/p>\n<p align=\"JUSTIFY\"><span style=\"font-family: tahoma, arial, helvetica, sans-serif;\"><span style=\"font-size: medium;\">Mszy \u015bwi\u0119tej w Katedrze Wroc\u0142awskiej przewodniczy\u0142 i homili\u0119 wyg\u0142osi\u0142 ks. bp. prof. dr hab. Ignacy Dec. Oficjalne uroczysto\u015bci zako\u0144czy\u0142o spotkanie w Auli Papieskiego Wydzia\u0142u Teologicznego wraz z bogatym programem artystyczno &#8211; merytorycznym. M\u0142odzi arty\u015bci zaprezentowali tw\u00f3rczo\u015b\u0107 z okresu mi\u0119dzywojennego oraz patriotyzm w formie ta\u0144ca i recytacji. <\/span><\/span><\/p>\n<p align=\"JUSTIFY\"><a href=\"https:\/\/slowo-polskie.pl\/wp-content\/uploads\/2026\/03\/rodlo13.jpg\"><img loading=\"lazy\" decoding=\"async\" class=\"alignnone size-large wp-image-2211\" src=\"https:\/\/slowo-polskie.pl\/wp-content\/uploads\/2026\/03\/rodlo13-700x467.jpg\" alt=\"\" width=\"700\" height=\"467\" srcset=\"https:\/\/slowo-polskie.pl\/wp-content\/uploads\/2026\/03\/rodlo13-700x467.jpg 700w, https:\/\/slowo-polskie.pl\/wp-content\/uploads\/2026\/03\/rodlo13-280x187.jpg 280w, https:\/\/slowo-polskie.pl\/wp-content\/uploads\/2026\/03\/rodlo13-150x100.jpg 150w, https:\/\/slowo-polskie.pl\/wp-content\/uploads\/2026\/03\/rodlo13-768x513.jpg 768w, https:\/\/slowo-polskie.pl\/wp-content\/uploads\/2026\/03\/rodlo13.jpg 1200w\" sizes=\"auto, (max-width: 700px) 100vw, 700px\" \/><\/a><\/p>\n<p align=\"JUSTIFY\"><span style=\"font-family: tahoma, arial, helvetica, sans-serif;\"><span style=\"font-size: medium;\">W uroczysto\u015bci udzia\u0142 wzi\u0119li cz\u0142onkowie Fundacji Rodzina Rod\u0142a, nauczyciele i uczniowie szk\u00f3\u0142 w tym tzw. mundurowych z Wroc\u0142awia i nie tylko, siedem poczt\u00f3w sztandarowych ze szk\u00f3\u0142 i stowarzysze\u0144 zaprzyja\u017anionych z Fundacj\u0105 Rodziny Rod\u0142a oraz mieszka\u0144cy Wroc\u0142awia. <\/span><\/span><\/p>\n<p align=\"JUSTIFY\"><strong><span style=\"font-family: tahoma, arial, helvetica, sans-serif;\"><span style=\"font-size: medium;\">Tekst i zdj\u0119cia Andrzej Powidzki<br \/>\n<\/span><\/span><span style=\"font-family: tahoma, arial, helvetica, sans-serif;\"><span style=\"font-size: medium;\">Wroc\u0142aw, 8 marca 2026 r.<\/span><\/span><\/strong><\/p>\n<p>&nbsp;<\/p>\n","protected":false},"excerpt":{"rendered":"<p>\u201ePi\u0119\u0107 Prawd Polak\u00f3w\u201d wiernych syn\u00f3w narodu polskiego spod znaku Rod\u0142a, kt\u00f3re sta\u0142y si\u0119 swojego rodzaju drogowskazem Polak\u00f3w, stanowi\u0105cym podstaw\u0119 ideow\u0105 dzia\u0142alno\u015bci Zwi\u0105zku Polak\u00f3w w Niemczech, s\u0105 dalej aktualne dla zachowania <span class=\"excerpt-dots\">&hellip;<\/span> <a class=\"more-link\" href=\"https:\/\/slowo-polskie.pl\/index.php\/2026\/03\/10\/88-rocznica-ogloszenia-prawd-polakow-spod-znaku-rodla-xxii-ogolnopolska-edycja-swieta-polskiej-mlodziezy-spod-znaku-rodla\/\"><span class=\"more-msg\">Czytaj dalej &rarr;<\/span><\/a><\/p>\n","protected":false},"author":2,"featured_media":2211,"comment_status":"open","ping_status":"open","sticky":false,"template":"","format":"standard","meta":{"footnotes":""},"categories":[31],"tags":[],"class_list":["post-2199","post","type-post","status-publish","format-standard","has-post-thumbnail","hentry","category-powidzki-andrzej"],"_links":{"self":[{"href":"https:\/\/slowo-polskie.pl\/index.php\/wp-json\/wp\/v2\/posts\/2199","targetHints":{"allow":["GET"]}}],"collection":[{"href":"https:\/\/slowo-polskie.pl\/index.php\/wp-json\/wp\/v2\/posts"}],"about":[{"href":"https:\/\/slowo-polskie.pl\/index.php\/wp-json\/wp\/v2\/types\/post"}],"author":[{"embeddable":true,"href":"https:\/\/slowo-polskie.pl\/index.php\/wp-json\/wp\/v2\/users\/2"}],"replies":[{"embeddable":true,"href":"https:\/\/slowo-polskie.pl\/index.php\/wp-json\/wp\/v2\/comments?post=2199"}],"version-history":[{"count":1,"href":"https:\/\/slowo-polskie.pl\/index.php\/wp-json\/wp\/v2\/posts\/2199\/revisions"}],"predecessor-version":[{"id":2213,"href":"https:\/\/slowo-polskie.pl\/index.php\/wp-json\/wp\/v2\/posts\/2199\/revisions\/2213"}],"wp:featuredmedia":[{"embeddable":true,"href":"https:\/\/slowo-polskie.pl\/index.php\/wp-json\/wp\/v2\/media\/2211"}],"wp:attachment":[{"href":"https:\/\/slowo-polskie.pl\/index.php\/wp-json\/wp\/v2\/media?parent=2199"}],"wp:term":[{"taxonomy":"category","embeddable":true,"href":"https:\/\/slowo-polskie.pl\/index.php\/wp-json\/wp\/v2\/categories?post=2199"},{"taxonomy":"post_tag","embeddable":true,"href":"https:\/\/slowo-polskie.pl\/index.php\/wp-json\/wp\/v2\/tags?post=2199"}],"curies":[{"name":"wp","href":"https:\/\/api.w.org\/{rel}","templated":true}]}}