{"id":2248,"date":"2026-03-16T11:09:56","date_gmt":"2026-03-16T10:09:56","guid":{"rendered":"https:\/\/slowo-polskie.pl\/?p=2248"},"modified":"2026-03-16T11:31:46","modified_gmt":"2026-03-16T10:31:46","slug":"kura-na-plecach-czarny-humor-i-tajemnica-na-scenie-teatru-polskiego-we-wroclawiu","status":"publish","type":"post","link":"https:\/\/slowo-polskie.pl\/index.php\/2026\/03\/16\/kura-na-plecach-czarny-humor-i-tajemnica-na-scenie-teatru-polskiego-we-wroclawiu\/","title":{"rendered":"\u201eKura na plecach\u201d \u2013 czarny humor i tajemnica na scenie Teatru Polskiego we Wroc\u0142awiu"},"content":{"rendered":"<p align=\"JUSTIFY\">W ramach nowego sezonu letniego Wiosna 2026 w Teatrze polskim odby\u0142o si\u0119 kolejne przedstawienie <span style=\"color: #222222;\">spektaklu <\/span><span style=\"color: #222222;\"><i><b>\u201eKura na plecach\u201d.<\/b><\/i><\/span><\/p>\n<p align=\"JUSTIFY\"><a href=\"https:\/\/slowo-polskie.pl\/wp-content\/uploads\/2026\/03\/Katarzyna-Janekowicz-jako-Margret-Kobal2.jpg\"><img loading=\"lazy\" decoding=\"async\" class=\"alignnone size-large wp-image-2252\" src=\"https:\/\/slowo-polskie.pl\/wp-content\/uploads\/2026\/03\/Katarzyna-Janekowicz-jako-Margret-Kobal2-700x394.jpg\" alt=\"\" width=\"700\" height=\"394\" srcset=\"https:\/\/slowo-polskie.pl\/wp-content\/uploads\/2026\/03\/Katarzyna-Janekowicz-jako-Margret-Kobal2-700x394.jpg 700w, https:\/\/slowo-polskie.pl\/wp-content\/uploads\/2026\/03\/Katarzyna-Janekowicz-jako-Margret-Kobal2-280x158.jpg 280w, https:\/\/slowo-polskie.pl\/wp-content\/uploads\/2026\/03\/Katarzyna-Janekowicz-jako-Margret-Kobal2-150x84.jpg 150w, https:\/\/slowo-polskie.pl\/wp-content\/uploads\/2026\/03\/Katarzyna-Janekowicz-jako-Margret-Kobal2-768x432.jpg 768w, https:\/\/slowo-polskie.pl\/wp-content\/uploads\/2026\/03\/Katarzyna-Janekowicz-jako-Margret-Kobal2.jpg 1280w\" sizes=\"auto, (max-width: 700px) 100vw, 700px\" \/><\/a><\/p>\n<p align=\"JUSTIFY\"><span style=\"color: #222222;\">Sztuka autorstwa <\/span><span style=\"color: #222222;\"><i><u><b>Fred Apke w re\u017cyserii Arkadiusz Cyran<\/b><\/u><\/i><\/span><span style=\"color: #222222;\"> to opowie\u015b\u0107, w kt\u00f3rej ironia miesza si\u0119 z napi\u0119ciem, a pozornie zwyczajna rozmowa prowadzi do coraz bardziej zaskakuj\u0105cych wydarze\u0144. Fabu\u0142a spektaklu rozpoczyna si\u0119 od dramatycznego i zarazem zaskakuj\u0105cego wyznania. Margret Kobald informuje swojego s\u0105siada Sebastiana Bonscha, \u017ce w\u0142a\u015bnie zabi\u0142a swojego m\u0119\u017ca. To zdanie staje si\u0119 punktem wyj\u015bcia dla ca\u0142ej historii \u2013 pe\u0142nej niepewno\u015bci, absurdalnych sytuacji i psychologicznej gry mi\u0119dzy bohaterami. Sebastian, dawny wiolonczelista, zostaje wci\u0105gni\u0119ty w niecodzienn\u0105 sytuacj\u0119, w kt\u00f3rej musi zdecydowa\u0107, czy pom\u00f3c s\u0105siadce, czy te\u017c zachowa\u0107 dystans wobec jej szokuj\u0105cego wyznania. Wraz z rozwojem akcji napi\u0119cie ro\u015bnie, a widzowie zaczynaj\u0105 zastanawia\u0107 si\u0119, gdzie przebiega granica mi\u0119dzy prawd\u0105 a manipulacj\u0105.<\/span><\/p>\n<p align=\"JUSTIFY\"><span style=\"color: #222222;\">Spektakl opiera si\u0119 przede wszystkim na relacjach mi\u0119dzy bohaterami oraz dialogach, kt\u00f3re stopniowo odkrywaj\u0105 kolejne warstwy historii. Minimalistyczna scenografia i skupienie na aktorskiej interpretacji pozwalaj\u0105 widzom w pe\u0142ni zanurzy\u0107 si\u0119 w psychologiczn\u0105 atmosfer\u0119 przedstawienia.<\/span><\/p>\n<p align=\"JUSTIFY\"><a href=\"https:\/\/slowo-polskie.pl\/wp-content\/uploads\/2026\/03\/Katarzyna-Janekowicz-jako-Margret-Kobal.jpg\"><img loading=\"lazy\" decoding=\"async\" class=\"alignnone size-large wp-image-2253\" src=\"https:\/\/slowo-polskie.pl\/wp-content\/uploads\/2026\/03\/Katarzyna-Janekowicz-jako-Margret-Kobal-700x394.jpg\" alt=\"\" width=\"700\" height=\"394\" srcset=\"https:\/\/slowo-polskie.pl\/wp-content\/uploads\/2026\/03\/Katarzyna-Janekowicz-jako-Margret-Kobal-700x394.jpg 700w, https:\/\/slowo-polskie.pl\/wp-content\/uploads\/2026\/03\/Katarzyna-Janekowicz-jako-Margret-Kobal-280x158.jpg 280w, https:\/\/slowo-polskie.pl\/wp-content\/uploads\/2026\/03\/Katarzyna-Janekowicz-jako-Margret-Kobal-150x84.jpg 150w, https:\/\/slowo-polskie.pl\/wp-content\/uploads\/2026\/03\/Katarzyna-Janekowicz-jako-Margret-Kobal-768x432.jpg 768w, https:\/\/slowo-polskie.pl\/wp-content\/uploads\/2026\/03\/Katarzyna-Janekowicz-jako-Margret-Kobal.jpg 1280w\" sizes=\"auto, (max-width: 700px) 100vw, 700px\" \/><\/a><\/p>\n<p align=\"JUSTIFY\"><span style=\"color: #222222;\"><u>W rolach g\u0142\u00f3wnych wyst\u0105pili:<\/u><\/span><\/p>\n<ul>\n<li><span style=\"color: #222222;\"><i>Katarzyna Janekowicz jako Margret Kobal.<\/i><\/span><\/li>\n<li><span style=\"color: #222222;\"><i>Igor Kowalik jako Sebastian Bonsch.<\/i><\/span><\/li>\n<li><span style=\"color: #222222;\"><i>Andrzej Olejnik jako Richard Kobald.<\/i><\/span><\/li>\n<\/ul>\n<p align=\"JUSTIFY\"><span style=\"color: #222222;\"><u>zobacz fragment przedstawienia: <\/u><\/span><\/p>\n<p align=\"JUSTIFY\"><a href=\"https:\/\/www.youtube.com\/watch?v=scQaqbi4UZQ\"><span style=\"color: #1155cc;\"><u>https:\/\/www.youtube.com\/watch?v=scQaqbi4UZQ<\/u><\/span><\/a><u> <\/u><\/p>\n<p align=\"JUSTIFY\"><span style=\"color: #222222;\">Bilety na spektakl mo\u017cna by\u0142o naby\u0107 za po\u015brednictwem strony Teatru polskiego.<\/span><\/p>\n<p align=\"JUSTIFY\"><a href=\"https:\/\/www.teatrpolski.wroc.pl\/pl\/spektakl\/kura-na-plecach\"><span style=\"color: #1155cc;\"><u>https:\/\/www.teatrpolski.wroc.pl\/pl\/spektakl\/kura-na-plecach<\/u><\/span><\/a><u> <\/u><\/p>\n<p align=\"JUSTIFY\">W nadchodz\u0105cym sezonie wroc\u0142awski teatr zapowiada kolejne interesuj\u0105ce tytu\u0142y. W\u015br\u00f3d nich znajduje si\u0119 m.in. spektakl <b>\u201eSolaris\u201d<\/b> w re\u017cyserii Micha\u0142 Zdunik, inspirowany s\u0142ynn\u0105 powie\u015bci\u0105 <i><u><b>Stanis\u0142aw Lem.<\/b><\/u><\/i> Przedstawienie opowiada histori\u0119 psychologa <i><u><b>Krisa Kelvina,<\/b><\/u><\/i> kt\u00f3ry przybywa na stacj\u0119 badawcz\u0105 orbituj\u0105c\u0105 wok\u00f3\u0142 tajemniczej planety Solaris. Na miejscu odkrywa, \u017ce ocean pokrywaj\u0105cy planet\u0119 potrafi materializowa\u0107 ludzkie wspomnienia i emocje. Spotkanie z postaci\u0105 z w\u0142asnej przesz\u0142o\u015bci staje si\u0119 dla bohatera konfrontacj\u0105 z poczuciem winy, pami\u0119ci\u0105 i granicami ludzkiego poznania.<\/p>\n<p align=\"JUSTIFY\">(zobacz bilety:<a href=\"https:\/\/www.teatrpolski.wroc.pl\/pl\/spektakl\/solaris\"><span style=\"color: #1155cc;\"><u>https:\/\/www.teatrpolski.wroc.pl\/pl\/spektakl\/solaris<\/u><\/span><\/a> )<\/p>\n<p align=\"JUSTIFY\">W repertuarze znalaz\u0142a si\u0119 r\u00f3wnie\u017c popularna komedia <b>\u201eMayday\u201d<\/b> autorstwa Ray Cooney w re\u017cyserii <i><u><b>Wojciech Pokora<\/b><\/u><\/i>. To dynamiczna, pe\u0142na humoru historia londy\u0144skiego taks\u00f3wkarza prowadz\u0105cego podw\u00f3jne \u017cycie \u2013 maj\u0105cego dwie \u017cony, kt\u00f3re nie wiedz\u0105 o swoim istnieniu. Seria nieoczekiwanych wydarze\u0144 sprawia jednak, \u017ce misternie budowany sekret zaczyna si\u0119 rozpada\u0107, prowadz\u0105c do lawiny komicznych sytuacji i pomy\u0142ek.<\/p>\n<p align=\"JUSTIFY\">(zobacz bilety: <a href=\"https:\/\/www.teatrpolski.wroc.pl\/pl\/spektakl\/mayday\"><span style=\"color: #1155cc;\"><u>https:\/\/www.teatrpolski.wroc.pl\/pl\/spektakl\/mayday<\/u><\/span><\/a> )<\/p>\n<p align=\"JUSTIFY\">Szczeg\u00f3\u0142owy repertuar oraz terminy wszystkich spektakli mo\u017cna znale\u017a\u0107 na stronie Teatr Polski we Wroc\u0142awiu.<\/p>\n<p align=\"JUSTIFY\"><strong>Iwo J\u0119drasiak<br \/>\n<\/strong>Fot. Teatr Polski<\/p>\n<p align=\"JUSTIFY\">\n","protected":false},"excerpt":{"rendered":"<p>W ramach nowego sezonu letniego Wiosna 2026 w Teatrze polskim odby\u0142o si\u0119 kolejne przedstawienie spektaklu \u201eKura na plecach\u201d. Sztuka autorstwa Fred Apke w re\u017cyserii Arkadiusz Cyran to opowie\u015b\u0107, w kt\u00f3rej <span class=\"excerpt-dots\">&hellip;<\/span> <a class=\"more-link\" href=\"https:\/\/slowo-polskie.pl\/index.php\/2026\/03\/16\/kura-na-plecach-czarny-humor-i-tajemnica-na-scenie-teatru-polskiego-we-wroclawiu\/\"><span class=\"more-msg\">Czytaj dalej &rarr;<\/span><\/a><\/p>\n","protected":false},"author":2,"featured_media":2253,"comment_status":"open","ping_status":"open","sticky":false,"template":"","format":"standard","meta":{"footnotes":""},"categories":[69],"tags":[],"class_list":["post-2248","post","type-post","status-publish","format-standard","has-post-thumbnail","hentry","category-jedrasiak-iwo"],"_links":{"self":[{"href":"https:\/\/slowo-polskie.pl\/index.php\/wp-json\/wp\/v2\/posts\/2248","targetHints":{"allow":["GET"]}}],"collection":[{"href":"https:\/\/slowo-polskie.pl\/index.php\/wp-json\/wp\/v2\/posts"}],"about":[{"href":"https:\/\/slowo-polskie.pl\/index.php\/wp-json\/wp\/v2\/types\/post"}],"author":[{"embeddable":true,"href":"https:\/\/slowo-polskie.pl\/index.php\/wp-json\/wp\/v2\/users\/2"}],"replies":[{"embeddable":true,"href":"https:\/\/slowo-polskie.pl\/index.php\/wp-json\/wp\/v2\/comments?post=2248"}],"version-history":[{"count":3,"href":"https:\/\/slowo-polskie.pl\/index.php\/wp-json\/wp\/v2\/posts\/2248\/revisions"}],"predecessor-version":[{"id":2255,"href":"https:\/\/slowo-polskie.pl\/index.php\/wp-json\/wp\/v2\/posts\/2248\/revisions\/2255"}],"wp:featuredmedia":[{"embeddable":true,"href":"https:\/\/slowo-polskie.pl\/index.php\/wp-json\/wp\/v2\/media\/2253"}],"wp:attachment":[{"href":"https:\/\/slowo-polskie.pl\/index.php\/wp-json\/wp\/v2\/media?parent=2248"}],"wp:term":[{"taxonomy":"category","embeddable":true,"href":"https:\/\/slowo-polskie.pl\/index.php\/wp-json\/wp\/v2\/categories?post=2248"},{"taxonomy":"post_tag","embeddable":true,"href":"https:\/\/slowo-polskie.pl\/index.php\/wp-json\/wp\/v2\/tags?post=2248"}],"curies":[{"name":"wp","href":"https:\/\/api.w.org\/{rel}","templated":true}]}}