{"id":2492,"date":"2026-04-27T08:02:17","date_gmt":"2026-04-27T06:02:17","guid":{"rendered":"https:\/\/slowo-polskie.pl\/?p=2492"},"modified":"2026-04-27T08:02:17","modified_gmt":"2026-04-27T06:02:17","slug":"setki-pociagow-miliony-pasazerow-i-miliardy-z-ue-koleje-dolnoslaskie-bija-kolejne-rekordy","status":"publish","type":"post","link":"https:\/\/slowo-polskie.pl\/index.php\/2026\/04\/27\/setki-pociagow-miliony-pasazerow-i-miliardy-z-ue-koleje-dolnoslaskie-bija-kolejne-rekordy\/","title":{"rendered":"Setki poci\u0105g\u00f3w, miliony pasa\u017cer\u00f3w i miliardy z UE &#8211; Koleje Dolno\u015bl\u0105skie bij\u0105 kolejne rekordy"},"content":{"rendered":"<p class=\"v1MsoNormal\"><a name=\"v1_Hlk227583075\"><\/a><b>Ponad 2,5 miliona pasa\u017cer\u00f3w w jednym miesi\u0105cu i dynamiczny rozw\u00f3j floty \u2013 Koleje Dolno\u015bl\u0105skie notuj\u0105 najlepszy wynik w swojej historii, a w tle trwaj\u0105 kolejne du\u017ce inwestycje wsp\u00f3\u0142finansowane ze \u015brodk\u00f3w unijnych. Samorz\u0105d wojew\u00f3dztwa i przewo\u017anik nie kryj\u0105 ambicji: kolej ma by\u0107 podstawowym \u015brodkiem transportu w regionie.<\/b><\/p>\n<p class=\"v1MsoNormal\"><b><a href=\"https:\/\/slowo-polskie.pl\/wp-content\/uploads\/2026\/04\/kd2.jpg\"><img loading=\"lazy\" decoding=\"async\" class=\"alignnone size-large wp-image-2496\" src=\"https:\/\/slowo-polskie.pl\/wp-content\/uploads\/2026\/04\/kd2-700x467.jpg\" alt=\"\" width=\"700\" height=\"467\" srcset=\"https:\/\/slowo-polskie.pl\/wp-content\/uploads\/2026\/04\/kd2-700x467.jpg 700w, https:\/\/slowo-polskie.pl\/wp-content\/uploads\/2026\/04\/kd2-280x187.jpg 280w, https:\/\/slowo-polskie.pl\/wp-content\/uploads\/2026\/04\/kd2-150x100.jpg 150w, https:\/\/slowo-polskie.pl\/wp-content\/uploads\/2026\/04\/kd2-768x512.jpg 768w, https:\/\/slowo-polskie.pl\/wp-content\/uploads\/2026\/04\/kd2.jpg 1080w\" sizes=\"auto, (max-width: 700px) 100vw, 700px\" \/><\/a>\u00a0<\/b><\/p>\n<p class=\"v1MsoNormal\"><i>\u2013 Do ko\u0144ca 2026 roku Koleje Dolno\u015bl\u0105skie b\u0119d\u0105 dysponowa\u0142y 108 pojazdami, a jest to mo\u017cliwe w\u0142a\u015bnie dzi\u0119ki \u015brodkom europejskim. To prawie 1,6 miliarda z\u0142otych dofinansowania. Je\u015bli doliczymy inwestycje w infrastruktur\u0119, m\u00f3wimy o kwocie blisko 2,5 miliarda z\u0142otych<\/i>\u00a0\u2013 podkre\u015bla\u00a0<b>marsza\u0142ek Pawe\u0142 Gancarz.<\/b><\/p>\n<p class=\"v1MsoNormal\"><b>Rekordy, kt\u00f3re nap\u0119dzaj\u0105 rozw\u00f3j<\/b><\/p>\n<p class=\"v1MsoNormal\">Marzec 2026 roku okaza\u0142 si\u0119 prze\u0142omowy. Z us\u0142ug przewo\u017anika skorzysta\u0142o dok\u0142adnie 2 526 096 pasa\u017cer\u00f3w \u2013 o ponad 6% wi\u0119cej ni\u017c podczas poprzedniego rekordu i a\u017c o 16% wi\u0119cej ni\u017c miesi\u0105c wcze\u015bniej. \u2013\u00a0<i>Koleje Dolno\u015bl\u0105skie co roku bij\u0105 rekordy. Dzi\u015b roczna liczba pasa\u017cer\u00f3w przekracza ju\u017c to, co kiedy\u015b przewozili\u015bmy przez pierwsze 10 lat dzia\u0142alno\u015bci<\/i>\u00a0\u2013 zaznacza marsza\u0142ek. Jak dodaje\u00a0<b>wicemarsza\u0142ek Micha\u0142 Rado<\/b>, skala inwestycji bezpo\u015brednio przek\u0142ada si\u0119 na zainteresowanie pasa\u017cer\u00f3w \u2013\u00a0<i>Miliardy z\u0142otych, kt\u00f3re przeznaczamy na kolej, procentuj\u0105 milionami podr\u00f3\u017cnych miesi\u0119cznie. Nowoczesny tabor, dobra oferta i wysoka jako\u015b\u0107 przewoz\u00f3w to w du\u017cej mierze efekt m\u0105drze i skutecznie zainwestowanych funduszy unijnych.<\/i><\/p>\n<p class=\"v1MsoNormal\"><b>Szybkie efekty inwestycji<\/b><\/p>\n<p class=\"v1MsoNormal\">Symbolicznym potwierdzeniem tempa zmian s\u0105 nowe poci\u0105gi.\u00a0<i>\u2013 Za nami stoi dziesi\u0105ty pojazd zakupiony ze \u015brodk\u00f3w KPO. Umow\u0119 podpisali\u015bmy w pa\u017adzierniku, a po sze\u015bciu miesi\u0105cach wszystkie sk\u0142ady ju\u017c je\u017cd\u017c\u0105 po Dolnym \u015al\u0105sku. To 309 milion\u00f3w z\u0142otych dotacji \u2013\u00a0<\/i>m\u00f3wi prezes\u00a0<b>Kolei Dolno\u015bl\u0105skich Damian Stawikowski.<\/b>\u00a0&#8211;\u00a0<i>To jednak dopiero pocz\u0105tek, kolejne 10 pojazd\u00f3w jest w produkcji. W czerwcu odbierzemy setny poci\u0105g, a do ko\u0144ca sierpnia b\u0119dzie ich 108. Z\u0142o\u017cyli\u015bmy te\u017c wnioski na nast\u0119pne 20\u00a0<\/i>\u2013 dodaje.<\/p>\n<p class=\"v1MsoNormal\"><b><a href=\"https:\/\/slowo-polskie.pl\/wp-content\/uploads\/2026\/04\/kd3.jpg\"><img loading=\"lazy\" decoding=\"async\" class=\"alignnone size-large wp-image-2497\" src=\"https:\/\/slowo-polskie.pl\/wp-content\/uploads\/2026\/04\/kd3-700x467.jpg\" alt=\"\" width=\"700\" height=\"467\" srcset=\"https:\/\/slowo-polskie.pl\/wp-content\/uploads\/2026\/04\/kd3-700x467.jpg 700w, https:\/\/slowo-polskie.pl\/wp-content\/uploads\/2026\/04\/kd3-280x187.jpg 280w, https:\/\/slowo-polskie.pl\/wp-content\/uploads\/2026\/04\/kd3-150x100.jpg 150w, https:\/\/slowo-polskie.pl\/wp-content\/uploads\/2026\/04\/kd3-768x512.jpg 768w, https:\/\/slowo-polskie.pl\/wp-content\/uploads\/2026\/04\/kd3.jpg 1080w\" sizes=\"auto, (max-width: 700px) 100vw, 700px\" \/><\/a>\u00a0<\/b><\/p>\n<p class=\"v1MsoNormal\"><b>Kolej zmienia codzienno\u015b\u0107 mieszka\u0144c\u00f3w<\/b><\/p>\n<p class=\"v1MsoNormal\">Unijne wsparcie to nie tylko liczby i tabor, ale te\u017c realna zmiana jako\u015bci \u017cycia.\u00a0<i>\u2013 Fundusze europejskie zmieniaj\u0105 rzeczywisto\u015b\u0107. Dzi\u0119ki nim osoby z mniejszych miejscowo\u015bci mog\u0105 \u0142atwiej dociera\u0107 do wi\u0119kszych o\u015brodk\u00f3w i realizowa\u0107 swoje cele<\/i>\u00a0\u2013 podkre\u015bla\u00a0<b>Joanna Styrzy\u0144ska-Lindberg z Komisji Europejskiej.\u00a0<\/b>\u015arodki UE pozwalaj\u0105 r\u00f3wnie\u017c na odbudow\u0119 zamkni\u0119tych linii kolejowych. Poci\u0105gi wr\u00f3ci\u0142y ju\u017c m.in. do Bielawy, a w planach s\u0105 kolejne kierunki \u2013 m.in. Stronie \u015al\u0105skie, L\u0105dek-Zdr\u00f3j czy Srebrna G\u00f3ra.<\/p>\n<p class=\"v1MsoNormal\"><b><a href=\"https:\/\/slowo-polskie.pl\/wp-content\/uploads\/2026\/04\/kd1.jpg\"><img loading=\"lazy\" decoding=\"async\" class=\"alignnone size-large wp-image-2495\" src=\"https:\/\/slowo-polskie.pl\/wp-content\/uploads\/2026\/04\/kd1-700x467.jpg\" alt=\"\" width=\"700\" height=\"467\" srcset=\"https:\/\/slowo-polskie.pl\/wp-content\/uploads\/2026\/04\/kd1-700x467.jpg 700w, https:\/\/slowo-polskie.pl\/wp-content\/uploads\/2026\/04\/kd1-280x187.jpg 280w, https:\/\/slowo-polskie.pl\/wp-content\/uploads\/2026\/04\/kd1-150x100.jpg 150w, https:\/\/slowo-polskie.pl\/wp-content\/uploads\/2026\/04\/kd1-768x512.jpg 768w, https:\/\/slowo-polskie.pl\/wp-content\/uploads\/2026\/04\/kd1.jpg 1080w\" sizes=\"auto, (max-width: 700px) 100vw, 700px\" \/><\/a>\u00a0<\/b><\/p>\n<p class=\"v1MsoNormal\"><b>Kolej przysz\u0142o\u015bci na Dolnym \u015al\u0105sku<\/b><\/p>\n<p class=\"v1MsoNormal\">Dzi\u015b Koleje Dolno\u015bl\u0105skie przewo\u017c\u0105 rocznie ponad 25 milion\u00f3w pasa\u017cer\u00f3w i wszystko wskazuje na to, \u017ce w 2026 roku wynik ten mo\u017ce zbli\u017cy\u0107 si\u0119 do 30 milion\u00f3w. Sp\u00f3\u0142ka obs\u0142uguje po\u0142\u0105czenia nie tylko w regionie, ale dociera tak\u017ce do czterech wojew\u00f3dztw, umacniaj\u0105c swoj\u0105 pozycj\u0119 na kolejowej mapie Polski. Dolny \u015al\u0105sk pokazuje, \u017ce dobrze wykorzystane fundusze europejskie mog\u0105 prze\u0142o\u017cy\u0107 si\u0119 na realn\u0105 zmian\u0119 \u2013 szybsz\u0105, nowocze\u015bniejsz\u0105 i bardziej dost\u0119pn\u0105 kolej.<\/p>\n<p>ap<\/p>\n<p><iframe loading=\"lazy\" title=\"Koleje Dolno\u015bl\u0105skie bij\u0105 kolejne rekordy\" width=\"1280\" height=\"720\" src=\"https:\/\/www.youtube.com\/embed\/hblBdNgWPgc?feature=oembed\" frameborder=\"0\" allow=\"accelerometer; autoplay; clipboard-write; encrypted-media; gyroscope; picture-in-picture; web-share\" referrerpolicy=\"strict-origin-when-cross-origin\" allowfullscreen><\/iframe><\/p>\n","protected":false},"excerpt":{"rendered":"<p>Ponad 2,5 miliona pasa\u017cer\u00f3w w jednym miesi\u0105cu i dynamiczny rozw\u00f3j floty \u2013 Koleje Dolno\u015bl\u0105skie notuj\u0105 najlepszy wynik w swojej historii, a w tle trwaj\u0105 kolejne du\u017ce inwestycje wsp\u00f3\u0142finansowane ze \u015brodk\u00f3w <span class=\"excerpt-dots\">&hellip;<\/span> <a class=\"more-link\" href=\"https:\/\/slowo-polskie.pl\/index.php\/2026\/04\/27\/setki-pociagow-miliony-pasazerow-i-miliardy-z-ue-koleje-dolnoslaskie-bija-kolejne-rekordy\/\"><span class=\"more-msg\">Czytaj dalej &rarr;<\/span><\/a><\/p>\n","protected":false},"author":2,"featured_media":2494,"comment_status":"open","ping_status":"open","sticky":false,"template":"","format":"standard","meta":{"footnotes":""},"categories":[29],"tags":[],"class_list":["post-2492","post","type-post","status-publish","format-standard","has-post-thumbnail","hentry","category-ploch-andrzej"],"_links":{"self":[{"href":"https:\/\/slowo-polskie.pl\/index.php\/wp-json\/wp\/v2\/posts\/2492","targetHints":{"allow":["GET"]}}],"collection":[{"href":"https:\/\/slowo-polskie.pl\/index.php\/wp-json\/wp\/v2\/posts"}],"about":[{"href":"https:\/\/slowo-polskie.pl\/index.php\/wp-json\/wp\/v2\/types\/post"}],"author":[{"embeddable":true,"href":"https:\/\/slowo-polskie.pl\/index.php\/wp-json\/wp\/v2\/users\/2"}],"replies":[{"embeddable":true,"href":"https:\/\/slowo-polskie.pl\/index.php\/wp-json\/wp\/v2\/comments?post=2492"}],"version-history":[{"count":2,"href":"https:\/\/slowo-polskie.pl\/index.php\/wp-json\/wp\/v2\/posts\/2492\/revisions"}],"predecessor-version":[{"id":2498,"href":"https:\/\/slowo-polskie.pl\/index.php\/wp-json\/wp\/v2\/posts\/2492\/revisions\/2498"}],"wp:featuredmedia":[{"embeddable":true,"href":"https:\/\/slowo-polskie.pl\/index.php\/wp-json\/wp\/v2\/media\/2494"}],"wp:attachment":[{"href":"https:\/\/slowo-polskie.pl\/index.php\/wp-json\/wp\/v2\/media?parent=2492"}],"wp:term":[{"taxonomy":"category","embeddable":true,"href":"https:\/\/slowo-polskie.pl\/index.php\/wp-json\/wp\/v2\/categories?post=2492"},{"taxonomy":"post_tag","embeddable":true,"href":"https:\/\/slowo-polskie.pl\/index.php\/wp-json\/wp\/v2\/tags?post=2492"}],"curies":[{"name":"wp","href":"https:\/\/api.w.org\/{rel}","templated":true}]}}