{"id":2499,"date":"2026-04-27T08:46:23","date_gmt":"2026-04-27T06:46:23","guid":{"rendered":"https:\/\/slowo-polskie.pl\/?p=2499"},"modified":"2026-04-27T11:51:03","modified_gmt":"2026-04-27T09:51:03","slug":"miejsca-z-klimatem-nie-powstaja-same-pomoz-artgarage","status":"publish","type":"post","link":"https:\/\/slowo-polskie.pl\/index.php\/2026\/04\/27\/miejsca-z-klimatem-nie-powstaja-same-pomoz-artgarage\/","title":{"rendered":"Miejsca z klimatem nie powstaj\u0105 same \u2013 pom\u00f3\u017c ArtGarage"},"content":{"rendered":"<p><span style=\"font-weight: 400;\">Na mapie miasta Wroc\u0142aw jest taki <\/span><b>Gara\u017c<\/b><span style=\"font-weight: 400;\">, kt\u00f3rego nie da si\u0119 zamkn\u0105\u0107 w jednej kategorii. <\/span><b>ArtGarage przy Nasypowej 27 <\/b><span style=\"font-weight: 400;\">to miejsce tworzone z zajawki dla ludzi, kt\u00f3rzy chc\u0105 zwolni\u0107, z\u0142apa\u0107 oddech, wpa\u015b\u0107 na dobr\u0105 muz\u0119 i posiedzie\u0107 w miejscu z klimatem, bez spiny.<\/span><\/p>\n<p><span style=\"font-weight: 400;\">To nie jest kolejny lokal do odhaczenia. To ludzie, energia i co\u015b, co si\u0119 czuje od wej\u015bcia.<\/span><\/p>\n<p><span style=\"font-weight: 400;\">Teraz <\/span><b>ArtGarage jest w trakcie upgrade\u2019u,<\/b><span style=\"font-weight: 400;\"> aby m\u00f3g\u0142 dzia\u0142a\u0107 dalej i robi\u0107 jeszcze wi\u0119cej dobrych rzeczy dla lokalnej spo\u0142eczno\u015bci. Dlatego te\u017c ruszy\u0142a zbi\u00f3rka na <\/span><a href=\"http:\/\/zrzutka.pl\"><span style=\"font-weight: 400;\">zrzutka.pl<\/span><\/a><span style=\"font-weight: 400;\"> Ka\u017cda wp\u0142ata, nawet symboliczna, to realny boost, \u017ceby to miejsce mog\u0142o dalej trwa\u0107.\u00a0<\/span><\/p>\n<p><a href=\"https:\/\/slowo-polskie.pl\/wp-content\/uploads\/2026\/04\/pracownia.jpg\"><img loading=\"lazy\" decoding=\"async\" class=\"alignnone  wp-image-2501\" src=\"https:\/\/slowo-polskie.pl\/wp-content\/uploads\/2026\/04\/pracownia-700x680.jpg\" alt=\"\" width=\"364\" height=\"354\" srcset=\"https:\/\/slowo-polskie.pl\/wp-content\/uploads\/2026\/04\/pracownia-700x680.jpg 700w, https:\/\/slowo-polskie.pl\/wp-content\/uploads\/2026\/04\/pracownia-280x272.jpg 280w, https:\/\/slowo-polskie.pl\/wp-content\/uploads\/2026\/04\/pracownia-150x146.jpg 150w, https:\/\/slowo-polskie.pl\/wp-content\/uploads\/2026\/04\/pracownia.jpg 741w\" sizes=\"auto, (max-width: 364px) 100vw, 364px\" \/><\/a><\/p>\n<p><span style=\"font-weight: 400;\">Za wszystkim stoi artystka (<\/span><a href=\"https:\/\/zrzutka.pl\/profile\/sabina-zarawska-834456\"><b>Sabina Zarawska<\/b><\/a><span style=\"font-weight: 400;\">), kt\u00f3ra wk\u0142ada w to serducho 24\/7 i zaprasza Was, \u017ceby\u015bcie byli cz\u0119\u015bci\u0105 tego projektu. Je\u015bli kiedy\u015b tam byli\u015bcie albo po prostu jaraj\u0105 was oddolne inicjatywy z dusz\u0105 to jest ten moment.\u00a0<\/span><\/p>\n<ul>\n<li style=\"font-weight: 400;\" aria-level=\"1\"><span style=\"font-weight: 400;\">Wesprzyj zbi\u00f3rk\u0119 i do\u0142\u00f3\u017c swoj\u0105 cegie\u0142k\u0119<\/span><\/li>\n<li style=\"font-weight: 400;\" aria-level=\"1\"><span style=\"font-weight: 400;\">Udost\u0119pnij dalej \u2013 to te\u017c ogromna pomoc<\/span><\/li>\n<li style=\"font-weight: 400;\" aria-level=\"1\"><span style=\"font-weight: 400;\">Wpadnij kiedy\u015b i poczuj ten klimat na \u017cywo<\/span><\/li>\n<\/ul>\n<p><span style=\"font-weight: 400;\">Link do wsparcia <\/span><b>ArtGarage<\/b><\/p>\n<p><a href=\"https:\/\/zrzutka.pl\/6ecghv?utm_source=ig&amp;utm_medium=social&amp;utm_content=link_in_bio\"><span style=\"font-weight: 400;\">Zrzutka: Na ratunek ArtGarage | Sabina Zarawska<\/span><\/a><span style=\"font-weight: 400;\">\u00a0<\/span><\/p>\n<p><b>Instagram: <\/b><a href=\"https:\/\/www.instagram.com\/project_artgarage\/\"><b>https:\/\/www.instagram.com\/project_artgarage\/<\/b><\/a><b>\u00a0<\/b><\/p>\n<p><span style=\"font-weight: 400;\">Ostatnie \u015brodki zosta\u0142y przeznaczone na czynsz za gara\u017c, kt\u00f3ry mia\u0142 zapewni\u0107 kilka miesi\u0119cy spokoju i czas na powr\u00f3t do stabilno\u015bci. Niestety stan zdrowia si\u0119 pogorszy\u0142, dosz\u0142y koszty leczenia i opieki nad chorym kotem, a bez wsparcia rodziny utrzymanie miejsca sta\u0142o si\u0119 du\u017cym wyzwaniem.<\/span><\/p>\n<p><span style=\"font-weight: 400;\">Dlatego powsta\u0142a zbi\u00f3rka.<\/span><\/p>\n<p><span style=\"font-weight: 400;\">Kwota <\/span><b>3000 z\u0142 pozwoli pokry\u0107 oko\u0142o 5 miesi\u0119cy czynszu<\/b><span style=\"font-weight: 400;\"> i da\u0107 czas na ustabilizowanie sytuacji. Je\u015bli uda si\u0119 zebra\u0107 wi\u0119cej, \u015brodki zostan\u0105 przeznaczone na dalsze utrzymanie i rozw\u00f3j <\/span><b>ArtGarage.<\/b><\/p>\n<p><span style=\"font-weight: 400;\">W opublikowanej rolce wybrzmiewa te\u017c kr\u00f3tka, osobista wypowied\u017a autorki projektu kilka s\u0142\u00f3w, kt\u00f3re najlepiej oddaj\u0105 sens tego miejsca i pokazuj\u0105, \u017ce za <\/span><b>ArtGarage <\/b><span style=\"font-weight: 400;\">stoi co\u015b wi\u0119cej ni\u017c tylko przestrze\u0144.<\/span><\/p>\n<p><span style=\"font-weight: 400;\">R\u00f3bmy razem miejsca, kt\u00f3re co\u015b znacz\u0105.<\/span><\/p>\n<p><strong>Iwo J\u0119drasiak<\/strong><\/p>\n<p><iframe loading=\"lazy\" title=\"Pracownia_gara\u017c #wroclove #wroc\u0142aw\" width=\"563\" height=\"1000\" src=\"https:\/\/www.youtube.com\/embed\/NcQa1j-DJhw?feature=oembed\" frameborder=\"0\" allow=\"accelerometer; autoplay; clipboard-write; encrypted-media; gyroscope; picture-in-picture; web-share\" referrerpolicy=\"strict-origin-when-cross-origin\" allowfullscreen><\/iframe><\/p>\n<p>&nbsp;<\/p>\n","protected":false},"excerpt":{"rendered":"<p>Na mapie miasta Wroc\u0142aw jest taki Gara\u017c, kt\u00f3rego nie da si\u0119 zamkn\u0105\u0107 w jednej kategorii. ArtGarage przy Nasypowej 27 to miejsce tworzone z zajawki dla ludzi, kt\u00f3rzy chc\u0105 zwolni\u0107, z\u0142apa\u0107 <span class=\"excerpt-dots\">&hellip;<\/span> <a class=\"more-link\" href=\"https:\/\/slowo-polskie.pl\/index.php\/2026\/04\/27\/miejsca-z-klimatem-nie-powstaja-same-pomoz-artgarage\/\"><span class=\"more-msg\">Czytaj dalej &rarr;<\/span><\/a><\/p>\n","protected":false},"author":2,"featured_media":2501,"comment_status":"open","ping_status":"open","sticky":false,"template":"","format":"standard","meta":{"footnotes":""},"categories":[69],"tags":[],"class_list":["post-2499","post","type-post","status-publish","format-standard","has-post-thumbnail","hentry","category-jedrasiak-iwo"],"_links":{"self":[{"href":"https:\/\/slowo-polskie.pl\/index.php\/wp-json\/wp\/v2\/posts\/2499","targetHints":{"allow":["GET"]}}],"collection":[{"href":"https:\/\/slowo-polskie.pl\/index.php\/wp-json\/wp\/v2\/posts"}],"about":[{"href":"https:\/\/slowo-polskie.pl\/index.php\/wp-json\/wp\/v2\/types\/post"}],"author":[{"embeddable":true,"href":"https:\/\/slowo-polskie.pl\/index.php\/wp-json\/wp\/v2\/users\/2"}],"replies":[{"embeddable":true,"href":"https:\/\/slowo-polskie.pl\/index.php\/wp-json\/wp\/v2\/comments?post=2499"}],"version-history":[{"count":4,"href":"https:\/\/slowo-polskie.pl\/index.php\/wp-json\/wp\/v2\/posts\/2499\/revisions"}],"predecessor-version":[{"id":2504,"href":"https:\/\/slowo-polskie.pl\/index.php\/wp-json\/wp\/v2\/posts\/2499\/revisions\/2504"}],"wp:featuredmedia":[{"embeddable":true,"href":"https:\/\/slowo-polskie.pl\/index.php\/wp-json\/wp\/v2\/media\/2501"}],"wp:attachment":[{"href":"https:\/\/slowo-polskie.pl\/index.php\/wp-json\/wp\/v2\/media?parent=2499"}],"wp:term":[{"taxonomy":"category","embeddable":true,"href":"https:\/\/slowo-polskie.pl\/index.php\/wp-json\/wp\/v2\/categories?post=2499"},{"taxonomy":"post_tag","embeddable":true,"href":"https:\/\/slowo-polskie.pl\/index.php\/wp-json\/wp\/v2\/tags?post=2499"}],"curies":[{"name":"wp","href":"https:\/\/api.w.org\/{rel}","templated":true}]}}