{"id":2510,"date":"2026-04-27T22:42:40","date_gmt":"2026-04-27T20:42:40","guid":{"rendered":"https:\/\/slowo-polskie.pl\/?p=2510"},"modified":"2026-04-27T22:42:40","modified_gmt":"2026-04-27T20:42:40","slug":"muzyczna-boza-iskra","status":"publish","type":"post","link":"https:\/\/slowo-polskie.pl\/index.php\/2026\/04\/27\/muzyczna-boza-iskra\/","title":{"rendered":"Muzyczna Bo\u017ca ISKRA"},"content":{"rendered":"<p><strong><span style=\"font-family: tahoma, arial, helvetica, sans-serif;\">Dzieci\u0119cy entuzjazm, rado\u015b\u0107 i prawda \u2013 tymi s\u0142owami mo\u017cna by podsumowa\u0107 to, co wydarzy\u0142o si\u0119 w sobotnie popo\u0142udnie na obiekcie KGHM \u015al\u0119za Arena na K\u0142okoczycach.<\/span><\/strong><\/p>\n<p><a href=\"https:\/\/slowo-polskie.pl\/wp-content\/uploads\/2026\/04\/boza_iskra07_06_Odnowa-z-Dobroszyc.jpg\"><img loading=\"lazy\" decoding=\"async\" class=\"alignnone size-large wp-image-2515\" src=\"https:\/\/slowo-polskie.pl\/wp-content\/uploads\/2026\/04\/boza_iskra07_06_Odnowa-z-Dobroszyc-700x526.jpg\" alt=\"\" width=\"700\" height=\"526\" srcset=\"https:\/\/slowo-polskie.pl\/wp-content\/uploads\/2026\/04\/boza_iskra07_06_Odnowa-z-Dobroszyc-700x526.jpg 700w, https:\/\/slowo-polskie.pl\/wp-content\/uploads\/2026\/04\/boza_iskra07_06_Odnowa-z-Dobroszyc-280x210.jpg 280w, https:\/\/slowo-polskie.pl\/wp-content\/uploads\/2026\/04\/boza_iskra07_06_Odnowa-z-Dobroszyc-150x113.jpg 150w, https:\/\/slowo-polskie.pl\/wp-content\/uploads\/2026\/04\/boza_iskra07_06_Odnowa-z-Dobroszyc-768x577.jpg 768w, https:\/\/slowo-polskie.pl\/wp-content\/uploads\/2026\/04\/boza_iskra07_06_Odnowa-z-Dobroszyc.jpg 959w\" sizes=\"auto, (max-width: 700px) 100vw, 700px\" \/><\/a><\/p>\n<p><span style=\"font-family: tahoma, arial, helvetica, sans-serif;\">Kiedy dwa lata temu, z inicjatywy paru zapale\u0144c\u00f3w z archidiecezji wroc\u0142awskiej, organizowano wydarzenie pod nazw\u0105 <span style=\"color: #000000;\"><i>Dzieci\u0119ce Spotkanie Muzyczne &#8222;Iskra&#8221;<\/i><\/span><span style=\"color: #000000;\">, w ramach kt\u00f3rego zespo\u0142y muzyczne z r\u00f3\u017cnych parafii mog\u0142y si\u0119 spotka\u0107, by pozna\u0107 si\u0119 wzajemnie i wsp\u00f3lnie po\u015bpiewa\u0107 religijne pie\u015bni, chyba nikt nie spodziewa\u0142 si\u0119, \u017ce spotka si\u0119 ono z a\u017c tak pozytywnym przyj\u0119ciem.<\/span><\/span><\/p>\n<p><span style=\"color: #000000; font-family: tahoma, arial, helvetica, sans-serif;\">A dlaczego ISKRA? Bo \u2013 jak podkre\u015bla bp Maciej Ma\u0142yga, b\u0119d\u0105cy jednym z pomys\u0142odawc\u00f3w tego projektu \u2013 spotkanie w\u00a0 takiej w\u0142a\u015bnie szerokiej, muzycznej formule \u201ema rozpala\u0107 talenty, relacje i wiar\u0119\u201d.<\/span><\/p>\n<p><a href=\"https:\/\/slowo-polskie.pl\/wp-content\/uploads\/2026\/04\/boza_iskra07_11_Kwiatki-Swboza_iskra.jpg\"><img loading=\"lazy\" decoding=\"async\" class=\"alignnone size-large wp-image-2516\" src=\"https:\/\/slowo-polskie.pl\/wp-content\/uploads\/2026\/04\/boza_iskra07_11_Kwiatki-Swboza_iskra-700x464.jpg\" alt=\"\" width=\"700\" height=\"464\" srcset=\"https:\/\/slowo-polskie.pl\/wp-content\/uploads\/2026\/04\/boza_iskra07_11_Kwiatki-Swboza_iskra-700x464.jpg 700w, https:\/\/slowo-polskie.pl\/wp-content\/uploads\/2026\/04\/boza_iskra07_11_Kwiatki-Swboza_iskra-280x186.jpg 280w, https:\/\/slowo-polskie.pl\/wp-content\/uploads\/2026\/04\/boza_iskra07_11_Kwiatki-Swboza_iskra-150x99.jpg 150w, https:\/\/slowo-polskie.pl\/wp-content\/uploads\/2026\/04\/boza_iskra07_11_Kwiatki-Swboza_iskra-768x509.jpg 768w, https:\/\/slowo-polskie.pl\/wp-content\/uploads\/2026\/04\/boza_iskra07_11_Kwiatki-Swboza_iskra.jpg 1086w\" sizes=\"auto, (max-width: 700px) 100vw, 700px\" \/><\/a><\/p>\n<p><span style=\"color: #000000; font-family: tahoma, arial, helvetica, sans-serif;\">Organizatorom zale\u017cy na tym aby od tej iskry \u201ezaj\u0119\u0142y si\u0119\u201d kolejne obszary, aby powstawa\u0142y kolejne muzyczne wsp\u00f3lnoty, kt\u00f3re &#8211; poprzez panuj\u0105c\u0105 w nich atmosfer\u0119 i dzi\u0119ki muzyce, kt\u00f3ra \u0142\u0105czy serca \u2013 b\u0119d\u0105 pozytywnie wp\u0142ywa\u0107 na rozw\u00f3j przysz\u0142ych pokole\u0144, wspieraj\u0105c dzieciaki w kszta\u0142towaniu dobrych relacji, budowaniu poczucia w\u0142asnej warto\u015bci i wzrastaniu w wierze.<\/span><\/p>\n<p><span style=\"color: #000000; font-family: tahoma, arial, helvetica, sans-serif;\">Jako \u017ce wydarzenie odnios\u0142o wielki sukces, jego inicjatorzy postanowili kontynuowa\u0107 swe dzie\u0142o. \u017bycie napisa\u0142o jednak sw\u00f3j scenariusz i ubieg\u0142oroczna edycja &#8211; z uwagi na \u017ca\u0142ob\u0119 zwi\u0105zan\u0105 ze \u015bmierci\u0105 Papie\u017ca Franciszka &#8211; nie dosz\u0142a do skutku. Z tym wi\u0119ksz\u0105 ekscytacj\u0105 &#8211; zar\u00f3wno organizatorzy tego muzycznego spotkania jak i same dzieciaki &#8211; oczekiwali kolejnej jego edycji.<\/span><\/p>\n<p><a href=\"https:\/\/slowo-polskie.pl\/wp-content\/uploads\/2026\/04\/boza_iskra07_01_Formacja-taneczna-z-Paulinskiej.jpg\"><img loading=\"lazy\" decoding=\"async\" class=\"alignnone size-large wp-image-2514\" src=\"https:\/\/slowo-polskie.pl\/wp-content\/uploads\/2026\/04\/boza_iskra07_01_Formacja-taneczna-z-Paulinskiej-700x456.jpg\" alt=\"\" width=\"700\" height=\"456\" srcset=\"https:\/\/slowo-polskie.pl\/wp-content\/uploads\/2026\/04\/boza_iskra07_01_Formacja-taneczna-z-Paulinskiej-700x456.jpg 700w, https:\/\/slowo-polskie.pl\/wp-content\/uploads\/2026\/04\/boza_iskra07_01_Formacja-taneczna-z-Paulinskiej-280x182.jpg 280w, https:\/\/slowo-polskie.pl\/wp-content\/uploads\/2026\/04\/boza_iskra07_01_Formacja-taneczna-z-Paulinskiej-150x98.jpg 150w, https:\/\/slowo-polskie.pl\/wp-content\/uploads\/2026\/04\/boza_iskra07_01_Formacja-taneczna-z-Paulinskiej-768x500.jpg 768w, https:\/\/slowo-polskie.pl\/wp-content\/uploads\/2026\/04\/boza_iskra07_01_Formacja-taneczna-z-Paulinskiej.jpg 1106w\" sizes=\"auto, (max-width: 700px) 100vw, 700px\" \/><\/a><\/p>\n<p><strong><span style=\"color: #000000; font-family: tahoma, arial, helvetica, sans-serif;\">Tym razem nic ju\u017c nie stan\u0119\u0142o na przeszkodzie.<\/span><\/strong><\/p>\n<p><span style=\"color: #000000; font-family: tahoma, arial, helvetica, sans-serif;\">Wydarzenie zgromadzi\u0142o ogromne grono s\u0142uchaczy, kt\u00f3rzy wesp\u00f3\u0142 z m\u0142odymi artystami wsp\u00f3\u0142tworzyli niezwyk\u0142\u0105 atmosfer\u0119, pe\u0142n\u0105 dobrych emocji, entuzjazmu i wdzi\u0119czno\u015bci.<\/span><\/p>\n<p><span style=\"color: #000000; font-family: tahoma, arial, helvetica, sans-serif;\">Blisko dwadzie\u015bcia parafialnych zespo\u0142\u00f3w wokalnych, kt\u00f3re pojawi\u0142y si\u0119 na scenie przyby\u0142o tu z r\u00f3\u017cnych rejon\u00f3w naszej archidiecezji. Reprezentowany by\u0142 tu oczywi\u015bcie sam Wroc\u0142aw ale tak\u017ce Ole\u015bnica, Dobroszyce, D\u0142ugo\u0142\u0119ka. Cz\u0119\u015b\u0107 dotar\u0142a tu z nieco bardziej odleg\u0142ych miejscowo\u015bci jak Strzelin, Kostom\u0142oty czy Namys\u0142\u00f3w. Ka\u017cdy z wyst\u0119p\u00f3w poprzedza\u0142a kr\u00f3tka filmowa prezentacja, przybli\u017caj\u0105ca s\u0142uchaczom dan\u0105 schol\u0119 i jej poczynania.<\/span><\/p>\n<p><a href=\"https:\/\/slowo-polskie.pl\/wp-content\/uploads\/2026\/04\/boza_iskra2.jpg\"><img loading=\"lazy\" decoding=\"async\" class=\"alignnone size-large wp-image-2512\" src=\"https:\/\/slowo-polskie.pl\/wp-content\/uploads\/2026\/04\/boza_iskra2-700x525.jpg\" alt=\"\" width=\"700\" height=\"525\" srcset=\"https:\/\/slowo-polskie.pl\/wp-content\/uploads\/2026\/04\/boza_iskra2-700x525.jpg 700w, https:\/\/slowo-polskie.pl\/wp-content\/uploads\/2026\/04\/boza_iskra2-280x210.jpg 280w, https:\/\/slowo-polskie.pl\/wp-content\/uploads\/2026\/04\/boza_iskra2-150x113.jpg 150w, https:\/\/slowo-polskie.pl\/wp-content\/uploads\/2026\/04\/boza_iskra2-768x576.jpg 768w, https:\/\/slowo-polskie.pl\/wp-content\/uploads\/2026\/04\/boza_iskra2.jpg 960w\" sizes=\"auto, (max-width: 700px) 100vw, 700px\" \/><\/a><\/p>\n<p><span style=\"color: #000000; font-family: tahoma, arial, helvetica, sans-serif;\">Niezwykle trafnie podsumowa\u0142 to dzieci\u0119ce zaanga\u017cowanie w \u017cycie swoich parafii prowadz\u0105cy to wydarzenie Pawe\u0142 Trawka, zwracaj\u0105c si\u0119 bezpo\u015brednio do dzieciak\u00f3w \u201eTo dzi\u0119ki Wam nasze ko\u015bcio\u0142y b\u0119d\u0119 pi\u0119kne od ludzi. Ko\u015bci\u00f3\u0142 nadal b\u0119dzie \u017cy\u0142 dzi\u0119ki Wam\u201d.<\/span><\/p>\n<p><span style=\"color: #000000; font-family: tahoma, arial, helvetica, sans-serif;\">ISKRA to nie jest taki zwyczajny koncert, gdzie dzieciaki prezentuj\u0105 swoje wokalne talenty a ich najbli\u017csi zapatrzeni w\u00a0 swoje pociechy z podziwem je oklaskuj\u0105. To zdecydowanie co\u015b wi\u0119cej, co\u015b co sprawia, \u017ce zar\u00f3wno Ci wyst\u0119puj\u0105cy na scenie mali arty\u015bci, jak i ca\u0142a widownia tworz\u0105 wsp\u00f3lnot\u0119. Taka bowiem jest moc tych wszystkich pi\u0119knych pie\u015bni. To one \u2013 po\u0142\u0105czone z dzieci\u0119c\u0105 szczer\u0105, pe\u0142n\u0105 niek\u0142amanej rado\u015bci energi\u0105 \u2013 sprawiaj\u0105, \u017ce serca ludzi mi\u0119kn\u0105 a codzienne zmartwienia odchodz\u0105 w cie\u0144. To koncert serc, rado\u015bci i wiary.<\/span><\/p>\n<p><a href=\"https:\/\/slowo-polskie.pl\/wp-content\/uploads\/2026\/04\/boza_iskra.jpg\"><img loading=\"lazy\" decoding=\"async\" class=\"alignnone size-large wp-image-2511\" src=\"https:\/\/slowo-polskie.pl\/wp-content\/uploads\/2026\/04\/boza_iskra-700x525.jpg\" alt=\"\" width=\"700\" height=\"525\" srcset=\"https:\/\/slowo-polskie.pl\/wp-content\/uploads\/2026\/04\/boza_iskra-700x525.jpg 700w, https:\/\/slowo-polskie.pl\/wp-content\/uploads\/2026\/04\/boza_iskra-280x210.jpg 280w, https:\/\/slowo-polskie.pl\/wp-content\/uploads\/2026\/04\/boza_iskra-150x113.jpg 150w, https:\/\/slowo-polskie.pl\/wp-content\/uploads\/2026\/04\/boza_iskra-768x576.jpg 768w, https:\/\/slowo-polskie.pl\/wp-content\/uploads\/2026\/04\/boza_iskra.jpg 960w\" sizes=\"auto, (max-width: 700px) 100vw, 700px\" \/><\/a><\/p>\n<p><span style=\"color: #000000; font-family: tahoma, arial, helvetica, sans-serif;\">Jako \u017ce wydarzenie nie ma charakteru konkursu, a co za tym idzie \u2013 nie ma rywalizacji, wszyscy jego uczestnicy mog\u0105 do\u015bwiadczy\u0107 tego, o co tak naprawd\u0119 chodzi w tym muzycznym spotkaniu &#8211; poczu\u0107 rado\u015b\u0107 z bycia razem i dzielenia tej samej pasji oraz doznawania ogromu mi\u0142o\u015bci i wdzi\u0119czno\u015bci wobec Stw\u00f3rcy. Bo nie ma znaczenia, \u017ce nie zawsze wszystko wychodzi perfekcyjnie. Liczy si\u0119 tylko tu i teraz. Autentyczno\u015b\u0107, rado\u015b\u0107 i to, \u017ce \u015bpiewa si\u0119 ca\u0142ym sercem. I to w\u0142a\u015bnie jest w tym najpi\u0119kniejsze i najcenniejsze.<\/span><\/p>\n<p><span style=\"color: #000000; font-family: tahoma, arial, helvetica, sans-serif;\">Imprez\u0119 otwiera\u0142o i zamyka\u0142o wsp\u00f3lne, niesamowicie \u017cywio\u0142owe wykonanie utworu \u201eAbsolutnie nic\u201d (nie uda\u0142oby si\u0119 nam bez mi\u0142o\u015bci), kt\u00f3ry sta\u0142 si\u0119 ju\u017c chyba swoistym hymnem ISKRY, nios\u0105c jednocze\u015bnie przes\u0142anie, \u017ce to w\u0142a\u015bnie mi\u0142o\u015b\u0107 jest w \u017cyciu warto\u015bci\u0105 najcenniejsz\u0105.<\/span><\/p>\n<p><span style=\"color: #000000; font-family: tahoma, arial, helvetica, sans-serif;\">Ca\u0142e spotkanie utrzymane by\u0142o w radosnej, spontanicznej atmosferze. Momentami na parkiecie, na kt\u00f3rym \u201eroz\u0142o\u017cyli si\u0119\u201d uczestnicy wydarzenia, panowa\u0142o istne szale\u0144stwo. Dzieciaki klaska\u0142y, tupa\u0142y, skaka\u0142y. Ta\u0144czy\u0142y w k\u00f3\u0142eczkach, b\u0105d\u017a przemieszcza\u0142y si\u0119 po hali weso\u0142ym, wielobarwnym \u201epoci\u0105giem\u201d.<\/span><\/p>\n<p><span style=\"color: #000000; font-family: tahoma, arial, helvetica, sans-serif;\">Jedno jest pewne &#8211; tej atmosfery nie da si\u0119 odda\u0107 s\u0142owami. Tu trzeba po prostu by\u0107 i to prze\u017cy\u0107!<\/span><\/p>\n<p><strong>Ma\u0142gorzata Miodowska<\/strong><\/p>\n<p><a href=\"https:\/\/slowo-polskie.pl\/wp-content\/uploads\/2026\/04\/boza_iskra07_00_ISKRA_plakat.jpg\"><img loading=\"lazy\" decoding=\"async\" class=\"alignnone size-large wp-image-2513\" src=\"https:\/\/slowo-polskie.pl\/wp-content\/uploads\/2026\/04\/boza_iskra07_00_ISKRA_plakat-422x700.jpg\" alt=\"\" width=\"422\" height=\"700\" srcset=\"https:\/\/slowo-polskie.pl\/wp-content\/uploads\/2026\/04\/boza_iskra07_00_ISKRA_plakat-422x700.jpg 422w, https:\/\/slowo-polskie.pl\/wp-content\/uploads\/2026\/04\/boza_iskra07_00_ISKRA_plakat-169x280.jpg 169w, https:\/\/slowo-polskie.pl\/wp-content\/uploads\/2026\/04\/boza_iskra07_00_ISKRA_plakat-90x150.jpg 90w, https:\/\/slowo-polskie.pl\/wp-content\/uploads\/2026\/04\/boza_iskra07_00_ISKRA_plakat.jpg 608w\" sizes=\"auto, (max-width: 422px) 100vw, 422px\" \/><\/a><\/p>\n","protected":false},"excerpt":{"rendered":"<p>Dzieci\u0119cy entuzjazm, rado\u015b\u0107 i prawda \u2013 tymi s\u0142owami mo\u017cna by podsumowa\u0107 to, co wydarzy\u0142o si\u0119 w sobotnie popo\u0142udnie na obiekcie KGHM \u015al\u0119za Arena na K\u0142okoczycach. Kiedy dwa lata temu, z <span class=\"excerpt-dots\">&hellip;<\/span> <a class=\"more-link\" href=\"https:\/\/slowo-polskie.pl\/index.php\/2026\/04\/27\/muzyczna-boza-iskra\/\"><span class=\"more-msg\">Czytaj dalej &rarr;<\/span><\/a><\/p>\n","protected":false},"author":2,"featured_media":2512,"comment_status":"open","ping_status":"open","sticky":false,"template":"","format":"standard","meta":{"footnotes":""},"categories":[71],"tags":[],"class_list":["post-2510","post","type-post","status-publish","format-standard","has-post-thumbnail","hentry","category-miodowska-malgorzata"],"_links":{"self":[{"href":"https:\/\/slowo-polskie.pl\/index.php\/wp-json\/wp\/v2\/posts\/2510","targetHints":{"allow":["GET"]}}],"collection":[{"href":"https:\/\/slowo-polskie.pl\/index.php\/wp-json\/wp\/v2\/posts"}],"about":[{"href":"https:\/\/slowo-polskie.pl\/index.php\/wp-json\/wp\/v2\/types\/post"}],"author":[{"embeddable":true,"href":"https:\/\/slowo-polskie.pl\/index.php\/wp-json\/wp\/v2\/users\/2"}],"replies":[{"embeddable":true,"href":"https:\/\/slowo-polskie.pl\/index.php\/wp-json\/wp\/v2\/comments?post=2510"}],"version-history":[{"count":1,"href":"https:\/\/slowo-polskie.pl\/index.php\/wp-json\/wp\/v2\/posts\/2510\/revisions"}],"predecessor-version":[{"id":2517,"href":"https:\/\/slowo-polskie.pl\/index.php\/wp-json\/wp\/v2\/posts\/2510\/revisions\/2517"}],"wp:featuredmedia":[{"embeddable":true,"href":"https:\/\/slowo-polskie.pl\/index.php\/wp-json\/wp\/v2\/media\/2512"}],"wp:attachment":[{"href":"https:\/\/slowo-polskie.pl\/index.php\/wp-json\/wp\/v2\/media?parent=2510"}],"wp:term":[{"taxonomy":"category","embeddable":true,"href":"https:\/\/slowo-polskie.pl\/index.php\/wp-json\/wp\/v2\/categories?post=2510"},{"taxonomy":"post_tag","embeddable":true,"href":"https:\/\/slowo-polskie.pl\/index.php\/wp-json\/wp\/v2\/tags?post=2510"}],"curies":[{"name":"wp","href":"https:\/\/api.w.org\/{rel}","templated":true}]}}