{"id":2518,"date":"2026-04-27T23:02:41","date_gmt":"2026-04-27T21:02:41","guid":{"rendered":"https:\/\/slowo-polskie.pl\/?p=2518"},"modified":"2026-04-27T23:02:41","modified_gmt":"2026-04-27T21:02:41","slug":"50-spacerow-historyczno-krajoznawczych-jubileusz-na-zamku-bolkow","status":"publish","type":"post","link":"https:\/\/slowo-polskie.pl\/index.php\/2026\/04\/27\/50-spacerow-historyczno-krajoznawczych-jubileusz-na-zamku-bolkow\/","title":{"rendered":"50. spacer\u00f3w historyczno-krajoznawczych \u2013 jubileusz na zamku Bolk\u00f3w"},"content":{"rendered":"<p align=\"JUSTIFY\"><strong><span style=\"font-family: tahoma, arial, helvetica, sans-serif;\">Wszystko zacz\u0119\u0142o si\u0119 dok\u0142adnie 21 kwietnia 2022 roku kiedy spotka\u0142em si\u0119 z dyrektor Muzeum Karkonoskiego by porozmawia\u0107 o wsp\u00f3\u0142pracy pomi\u0119dzy Muzeum Karkonoskim a Oddzia\u0142em PTTK \u201eSudety Zachodnie\u201d w Jeleniej G\u00f3rze. Rozmow\u0119 zako\u0144czyli\u015bmy podpisaniem wsp\u00f3lnego o\u015bwiadczenia o podj\u0119ciu takiej wsp\u00f3\u0142pracy. Ze strony Muzeum Karkonoskiego dokument podpisa\u0142a dyrektor Julita Zaprucka, a ze strony Oddzia\u0142u PTTK jego prezes Krzysztof T\u0119cza.<\/span><\/strong><\/p>\n<p align=\"JUSTIFY\"><span style=\"font-family: tahoma, arial, helvetica, sans-serif;\">Aby jednak nie trzeba by\u0142o zbyt d\u0142ugo czeka\u0107 na wyniki tego porozumienia zaproponowa\u0142em pani dyrektor rozpocz\u0119cie organizacji i prowadzenia przeze mnie \u201eSpotka\u0144 historyczno-krajoznawczych\u201d w formie spacer\u00f3w. Ustalili\u015bmy w\u00f3wczas, \u017ce b\u0119d\u0105 si\u0119 one odbywa\u0142y w ostatni\u0105 \u015brod\u0119 ka\u017cdego miesi\u0105ca. Spotkania mia\u0142y obejmowa\u0107 wyk\u0142ad na zadany przeze mnie temat przygotowany przez pracownika muzeum a nast\u0119pnie na wyj\u015bciu w teren gdzie mia\u0142em wraz z uczestnikami spacer\u00f3w szuka\u0107 obiekt\u00f3w zwi\u0105zanych z omawianym tematem. G\u0142\u00f3wnie chodzi\u0142o o to by wyci\u0105gn\u0105\u0107 ludzi z dom\u00f3w, by da\u0107 im jak\u0105\u015b dawk\u0119 wiedzy o historii i ciekawostkach naszego miasta, a wreszcie by sprowokowa\u0107 uczestnik\u00f3w spacer\u00f3w do dzielenia si\u0119 swoimi wspomnieniami z lat m\u0142odo\u015bci i dzieci\u0144stwa tak by uzyska\u0107 obraz Jeleniej G\u00f3ry w tamtych latach.<\/span><\/p>\n<div id=\"attachment_18755\" style=\"width: 710px\" class=\"wp-caption alignnone\"><a href=\"http:\/\/e-karkonosze.eu\/wp-content\/uploads\/2026\/04\/muzeum.jpg\"><img loading=\"lazy\" decoding=\"async\" aria-describedby=\"caption-attachment-18755\" class=\"size-large wp-image-18755\" src=\"http:\/\/e-karkonosze.eu\/wp-content\/uploads\/2026\/04\/muzeum-700x524.jpg\" alt=\"\" width=\"700\" height=\"524\" \/><\/a><p id=\"caption-attachment-18755\" class=\"wp-caption-text\">Foto: Krzysztof T\u0119cza<\/p><\/div>\n<p align=\"JUSTIFY\"><span style=\"font-family: tahoma, arial, helvetica, sans-serif;\">By wszystko by\u0142o za\u0142atwione formalnie ustalili\u015bmy, \u017ce organizatorami spacer\u00f3w z jednej strony b\u0119dzie Muzeum Karkonoskie, kt\u00f3re u\u017cycza dla potrzeb spotka\u0144 swoje obiekty oraz przygotowuje poprzez swoich pracownik\u00f3w wyk\u0142ady, z drugiej strony b\u0119dzie to Regionalna Pracownia Krajoznawcza Karkonoszy dzia\u0142aj\u0105ca w strukturach Oddzia\u0142u PTTK \u201eSudety Zachodnie\u201d w Jeleniej G\u00f3rze prowadzona przez Krzysztofa T\u0119cz\u0119.<\/span><\/p>\n<p align=\"JUSTIFY\"><span style=\"font-family: tahoma, arial, helvetica, sans-serif;\">Na pierwszy spacer zaprosi\u0142em jeszcze w tym samym miesi\u0105cu. Za temat wybra\u0142em dzia\u0142alno\u015b\u0107 burmistrza Jeleniej G\u00f3ry Johana Christopha Sch\u00f6naua. Trzeba wiedzie\u0107, \u017ce tw\u00f3rca za\u0142o\u017cenia parkowego na obecnym Wzg\u00f3rzu Ko\u015bciuszki, wspierany przez swoj\u0105 \u017con\u0119 Fryderyk\u0119, dokona\u0142 czego\u015b niezwyk\u0142ego. Nie by\u0142o to jednak jego jedyne przedsi\u0119wzi\u0119cie skierowane do mieszka\u0144c\u00f3w naszego grodu. O historii oraz dniu dzisiejszym muzeum opowiedzia\u0142a nam pani Aneta Sikora-Firszt w\u00f3wczas kierownik Dzia\u0142u Edukacji, Promocji i Organizacji.<\/span><\/p>\n<p align=\"JUSTIFY\"><span style=\"font-family: tahoma, arial, helvetica, sans-serif;\">Poniewa\u017c, mimo niewygodnego dla niekt\u00f3rych terminu spacer\u00f3w, przysz\u0142o na to pierwsze spotkanie sporo os\u00f3b postanowili\u015bmy dzia\u0142a\u0107 dalej. Pocz\u0105tkowo nie by\u0142o problem\u00f3w z wyborem temat\u00f3w wi\u0119c kolejne spotkanie zosta\u0142o po\u015bwi\u0119cone budowie Ko\u015bcio\u0142a \u0141aski. Trzeba wiedzie\u0107, \u017ce muzeum posiada miniaturowy model owej \u015bwi\u0105tyni wykonany przez jej architekta. Wa\u017cnym podczas tego spotkania by\u0142 fakt wydania ksi\u0105\u017cki Fedora Sommera opisuj\u0105cej tamte wydarzenia. Mieli\u015bmy to szcz\u0119\u015bcie, \u017ce o niezwyk\u0142ych okoliczno\u015bciach zwi\u0105zanych z budow\u0105 \u015bwi\u0105tyni opowiedzia\u0142 nam dr J\u00f3zef Zaprucki, kt\u00f3ry przet\u0142umaczy\u0142 pozycj\u0119 na j\u0119zyk polski. Dope\u0142nieniem ca\u0142o\u015bci by\u0142 spacer do ko\u015bcio\u0142a. Podczas tej wizyty powspominali\u015bmy jak wygl\u0105da\u0142 ten obiekt za czas\u00f3w naszej m\u0142odo\u015bci kiedy wok\u00f3\u0142 \u015bwi\u0105tyni istnia\u0142y jeszcze groby z przedwojennego cmentarza.<\/span><\/p>\n<div id=\"attachment_18756\" style=\"width: 710px\" class=\"wp-caption alignnone\"><a href=\"http:\/\/e-karkonosze.eu\/wp-content\/uploads\/2026\/04\/muzeum2.jpg\"><img loading=\"lazy\" decoding=\"async\" aria-describedby=\"caption-attachment-18756\" class=\"size-large wp-image-18756\" src=\"http:\/\/e-karkonosze.eu\/wp-content\/uploads\/2026\/04\/muzeum2-700x419.jpg\" alt=\"\" width=\"700\" height=\"419\" \/><\/a><p id=\"caption-attachment-18756\" class=\"wp-caption-text\">Uczestnicy jubileuszowego spotkania w Muzeum Karkonoskim. Foto: Krzysztof T\u0119cza<\/p><\/div>\n<p align=\"JUSTIFY\"><span style=\"font-family: tahoma, arial, helvetica, sans-serif;\">W czerwcu udali\u015bmy si\u0119 do Miejskich Zak\u0142ad\u00f3w Komunikacyjnych, tradycjami si\u0119gaj\u0105cymi roku 1875, gdzie prezes pani Agata Bu\u015bko przybli\u017cy\u0142a nam specyfik\u0119 dzia\u0142alno\u015bci takiego przedsi\u0119biorstwa. Mogli\u015bmy tam obejrze\u0107 miniatury wielu u\u017cywanych na przestrzeni lat pojazd\u00f3w pocz\u0105wszy od tramwaj\u00f3w gazowych, elektrycznych, poprzez stare autobusu a\u017c po najnowsze pojazdy spe\u0142niaj\u0105ce obecne normy ekologiczne. Zobaczyli\u015bmy tak\u017ce ca\u0142e zaplecze techniczne co uzmys\u0142owi\u0142o nam jak trudno jest utrzyma\u0107 w dobrej formie technicznej tak du\u017cy tabor. Natomiast w muzeum o rozwoju po\u0142\u0105cze\u0144 komunikacyjnych w naszym regionie opowiedzia\u0142 przewodnik muzealny pan Marcin K\u0142os.<\/span><\/p>\n<p align=\"JUSTIFY\"><span style=\"font-family: tahoma, arial, helvetica, sans-serif;\">Bardzo ciekawym, wr\u0119cz ocieraj\u0105cym si\u0119 o mistycyzm by\u0142 spacer do jeleniog\u00f3rskiej Cerkwi \u015bwi\u0119tych Aposto\u0142\u00f3w Piotra i Paw\u0142a gdzie nie\u017cyj\u0105cy ju\u017c ksi\u0105dz Bazyli Szewczuk opowiada\u0142 nam o prawos\u0142awiu, o szczeg\u00f3\u0142ach r\u00f3\u017cni\u0105cych go od Ko\u015bcio\u0142a Katolickiego. Prosz\u0105c ksi\u0119dza o kr\u00f3tk\u0105 opowie\u015b\u0107 wiedzia\u0142em, \u017ce trzeba spodziewa\u0107 si\u0119 nieco d\u0142u\u017cszego wywodu ale d\u0142ugo\u015b\u0107 tej prezentacji przeros\u0142a moje naj\u015bmielsze przewidywania. Na szcz\u0119\u015bcie opowiadanie by\u0142o tak interesuj\u0105ce, \u017ce nikt nawet nie zauwa\u017cy\u0142 ile czasu temu po\u015bwi\u0119cili\u015bmy. Musz\u0119 tutaj doda\u0107, \u017ce przed przyj\u015bciem do cerkwi mieli\u015bmy ma\u0142y podk\u0142ad do omawianej tematyki. Pani Aneta Sikora-Firszt opowiedzia\u0142a nam o sztuce pisania ikon wprowadzaj\u0105c nas w zupe\u0142nie inny poziom wiedzy o tego typu dzia\u0142alno\u015bci artystycznej. Okazuje si\u0119, \u017ce nasze muzeum posiada kolekcj\u0119 prawie trzydziestu ikon.<\/span><\/p>\n<p align=\"JUSTIFY\"><span style=\"font-family: tahoma, arial, helvetica, sans-serif;\">Nie wdaj\u0105c si\u0119 w szczeg\u00f3\u0142y poszczeg\u00f3lnych spacer\u00f3w dodam, \u017ce ka\u017cdy kolejny zdawa\u0142 si\u0119 porusza\u0107 coraz mniej znane szczeg\u00f3\u0142y z historii naszego miasta. Jeszcze w roku 2022 zapoznali\u015bmy si\u0119 z wynikami prac archeologicznych prowadzonych na Wzg\u00f3rzu Krzywoustego (oprowadzaj\u0105cy Tomasz Miszczyk &#8211; archeolog), odwiedzili\u015bmy ratusz jeleniog\u00f3rski i Teatr im. Cypriana Kamila Norwida. Oprowadzanie przez dyrektora Tadeusza Wnuka by\u0142o niesamowite.<\/span><\/p>\n<div id=\"attachment_18751\" style=\"width: 710px\" class=\"wp-caption alignnone\"><a href=\"http:\/\/e-karkonosze.eu\/wp-content\/uploads\/2026\/04\/bolkow.jpg\"><img loading=\"lazy\" decoding=\"async\" aria-describedby=\"caption-attachment-18751\" class=\"size-large wp-image-18751\" src=\"http:\/\/e-karkonosze.eu\/wp-content\/uploads\/2026\/04\/bolkow-700x468.jpg\" alt=\"\" width=\"700\" height=\"468\" \/><\/a><p id=\"caption-attachment-18751\" class=\"wp-caption-text\">Bolk\u00f3w. Foto: Krzysztof T\u0119cza<\/p><\/div>\n<p align=\"JUSTIFY\"><span style=\"font-family: tahoma, arial, helvetica, sans-serif;\">Bardzo po\u017cytecznym spacerem by\u0142 ten do Centralnej Stacji Karkonoskiej Grupy GOPR gdzie opr\u00f3cz poznania historii powstawania ratownictwa w naszych g\u00f3rach mieli\u015bmy praktyczn\u0105 nauk\u0119 udzielania pierwszej pomocy.<\/span><\/p>\n<p align=\"JUSTIFY\"><span style=\"font-family: tahoma, arial, helvetica, sans-serif;\">Jednak najbardziej w pami\u0119ci zapad\u0142 wszystkim spacer do Centrum Edukacji Przeciwpo\u017carowej gdzie stra\u017cacy uczyli nas jak zachowywa\u0107 si\u0119 podczas po\u017caru. A, \u017ceby by\u0142o autentycznie wywo\u0142ali dla nas sztuczny po\u017car, tak \u017ce ka\u017cdy musia\u0142 zmierzy\u0107 si\u0119 z prawdziwym zagro\u017ceniem.<\/span><\/p>\n<p align=\"JUSTIFY\"><span style=\"font-family: tahoma, arial, helvetica, sans-serif;\">W roku 2023 spacery rozpocz\u0119li\u015bmy od zapoznania si\u0119 z histori\u0105 wyrobu piernik\u00f3w oraz tradycji \u015bwi\u0105tecznych przybli\u017conych nam przez Katarzyn\u0119 Szafra\u0144sk\u0105 kierownika Dzia\u0142u Etnologii MK. Niezwyk\u0142ym spacerem by\u0142a wizyta w domu Andrzeja Gaw\u0142owskiego, kt\u00f3ry zgromadzi\u0142 kolekcj\u0119 dziadk\u00f3w do orzech\u00f3w licz\u0105ca ponad 300 egzemplarzy.<\/span><\/p>\n<p align=\"JUSTIFY\"><span style=\"font-family: tahoma, arial, helvetica, sans-serif;\">Ciekawych informacji dostarczy\u0142 nam Robert Rzeszowski, kt\u00f3ry przybli\u017cy\u0142 temat rozwoju poczty w Jeleniej G\u00f3rze. Oczywi\u015bcie obejrzeli\u015bmy w\u00f3wczas kolejne budynki pocztowe pocz\u0105wszy od pierwszego z czas\u00f3w pruskich do ostatniego na Zabobrzu gdzie naczelnik UP nr 14 pani Jolanta Wo\u0142czy\u0144ska dzieli\u0142a si\u0119 z nami ciekawostkami z pracy listonoszy, kt\u00f3rzy pracuj\u0105c w terenie nie koniecznie s\u0105 lubiani przez pilnuj\u0105ce domostwa pieski.<\/span><\/p>\n<div id=\"attachment_18752\" style=\"width: 710px\" class=\"wp-caption alignnone\"><a href=\"http:\/\/e-karkonosze.eu\/wp-content\/uploads\/2026\/04\/bolkow2.jpg\"><img loading=\"lazy\" decoding=\"async\" aria-describedby=\"caption-attachment-18752\" class=\"size-large wp-image-18752\" src=\"http:\/\/e-karkonosze.eu\/wp-content\/uploads\/2026\/04\/bolkow2-700x393.jpg\" alt=\"\" width=\"700\" height=\"393\" \/><\/a><p id=\"caption-attachment-18752\" class=\"wp-caption-text\">Zamek Bolk\u00f3w. Foto: Krzysztof T\u0119cza<\/p><\/div>\n<p align=\"JUSTIFY\"><span style=\"font-family: tahoma, arial, helvetica, sans-serif;\">Kolejne spacery zaprowadzi\u0142y nas na basen miejski, do Hali Sportowej im. Mariana Koczwary, odwiedzili\u015bmy Oddzia\u0142 MK Dom Carla i Gerharta Hauptmann\u00f3w w Szklarskiej Por\u0119bie, dotarli\u015bmy do Wlastimil\u00f3wki, dowiedzieli\u015bmy si\u0119 ile trzeba w\u0142o\u017cy\u0107 wysi\u0142ku w prawid\u0142owe utrzymanie murawy na stadionie miejskim. Arkadiusz Wichniak prezes Sudeckiego Bractwa Walo\u0144skiego zdradzi\u0142 nam tajniki pozyskiwania minera\u0142\u00f3w a podczas odwiedzin siedziby Wielkiego Mistrza Walo\u0144skiego podziwiali\u015bmy najwi\u0119ksz\u0105 w naszym regionie kolekcj\u0119 minera\u0142\u00f3w.<\/span><\/p>\n<p align=\"JUSTIFY\"><span style=\"font-family: tahoma, arial, helvetica, sans-serif;\">Odwiedzili\u015bmy Karkonosk\u0105 Akademi\u0119 Nauk Stosowanych gdzie mogli\u015bmy doskonali\u0107 si\u0119 w udzielaniu pierwszej pomocy korzystaj\u0105c z posiadanego tam sprz\u0119tu, a tak\u017ce dowiedzie\u0107 si\u0119 od gen. Bronis\u0142awa Peikerta o ostatnich latach Oficerskiej Szko\u0142y Radiotechnicznej.<\/span><\/p>\n<p align=\"JUSTIFY\"><span style=\"font-family: tahoma, arial, helvetica, sans-serif;\">Zwiedzili\u015bmy Zamek Chojnik podziwiaj\u0105c efekty przeprowadzonego przez jego w\u0142a\u015bciciela (Oddzia\u0142 PTTK \u201eSudety Zachodnie\u201d) prac remontowych. Niezwykle cennym by\u0142 spacer do Zorki, w kt\u00f3rej przez lata produkowano drewniane zabawki. Obejrzeli\u015bmy zgromadzone tu wzory tych wyrob\u00f3w. Wszyscy bawili si\u0119 jak dzieci!<\/span><\/p>\n<p align=\"JUSTIFY\"><span style=\"font-family: tahoma, arial, helvetica, sans-serif;\">Podczas spaceru dotycz\u0105cego fotografii obejrzeli\u015bmy ciekaw\u0105 wystaw\u0119 zorganizowan\u0105 przez MK pt. \u201e\u015awiat fotografii. Z Europy w Karkonosze 1850-1918\u201d a p\u00f3\u017aniej odwiedzili\u015bmy kilka starych zak\u0142ad\u00f3w fotograficznych, w tym ten najbardziej znany prowadzony pod nazw\u0105 \u201eFoto Zaj\u0105c\u201d.<\/span><\/p>\n<p align=\"JUSTIFY\"><span style=\"font-family: tahoma, arial, helvetica, sans-serif;\">W roku 2024 odwiedzili\u015bmy jeleniog\u00f3rski Oddzia\u0142 Archiwum Pa\u0144stwowego oraz zabobrza\u0144ski zameczek czyli willa Maxa Erfurta przekazana po kapitalnym remoncie na potrzeby Osiedlowego Domu Kultury. Musz\u0119 doda\u0107, \u017ce jak do tej pory by\u0142 to spacer o najwi\u0119kszej liczbie uczestnik\u00f3w. W sumie by\u0142o nas 112 os\u00f3b.<\/span><\/p>\n<p align=\"JUSTIFY\"><span style=\"font-family: tahoma, arial, helvetica, sans-serif;\">Niezwykle pouczaj\u0105cym by\u0142 spacer do jeleniog\u00f3rskiej oczyszczalni \u015bciek\u00f3w, kt\u00f3ry uzmys\u0142owi\u0142 nam jak jest to cenna dla miasta instalacja. Dla odmiany kolejny spacer do nowego obiektu jakim jest Modelarnia Kolejkowo ponownie wprowadzi\u0142 nas w \u015bwiat zabawek.<\/span><\/p>\n<div id=\"attachment_18753\" style=\"width: 710px\" class=\"wp-caption alignnone\"><a href=\"http:\/\/e-karkonosze.eu\/wp-content\/uploads\/2026\/04\/bolkow3.jpg\"><img loading=\"lazy\" decoding=\"async\" aria-describedby=\"caption-attachment-18753\" class=\"size-large wp-image-18753\" src=\"http:\/\/e-karkonosze.eu\/wp-content\/uploads\/2026\/04\/bolkow3-700x393.jpg\" alt=\"\" width=\"700\" height=\"393\" \/><\/a><p id=\"caption-attachment-18753\" class=\"wp-caption-text\">Foto: Krzysztof T\u0119cza<\/p><\/div>\n<p align=\"JUSTIFY\"><span style=\"font-family: tahoma, arial, helvetica, sans-serif;\">Bardzo pouczaj\u0105cy by\u0142 spacer do nastawni kolejowej w Jeleniej G\u00f3rze. Dowiedzieli\u015bmy si\u0119 tam w jaki spos\u00f3b dba si\u0119 o bezpiecze\u0144stwo pasa\u017cer\u00f3w kolei. Zaskoczeniem by\u0142 spacer po\u015bwi\u0119cony jeleniog\u00f3rskim szko\u0142om koronki ig\u0142owej. Ma\u0142o kto kojarzy\u0142, \u017ce w naszym mie\u015bcie dzia\u0142a\u0142y takie firmy. Mieli\u015bmy to szcz\u0119\u015bcie, \u017ce w\u0142a\u015bnie wysz\u0142a ksi\u0105\u017cka opisuj\u0105ca to zagadnienie, a jej autorka dr Stefania \u017belasko osobi\u015bcie oprowadzi\u0142a nas po mie\u015bcie opowiadaj\u0105c o budynkach w kt\u00f3rych dzia\u0142a\u0142y takie szko\u0142y.<\/span><\/p>\n<p align=\"JUSTIFY\"><span style=\"font-family: tahoma, arial, helvetica, sans-serif;\">W nast\u0119pnych miesi\u0105cach dowiedzieli\u015bmy si\u0119 o dzia\u0142alno\u015bci Garnizonu Wojsk L\u0105dowych w Jeleniej G\u00f3rze; o historii pomiar\u00f3w wysoko\u015bci \u015anie\u017cki; uczcili\u015bmy 110 rocznic\u0119 budowy Muzeum Karkonoskiego; a tak\u017ce poznali\u015bmy \u017cycie zamieszka\u0142ego w Jeleniej G\u00f3rze pisarza Fedora Sommera, o kt\u00f3rego spu\u015bci\u017anie literackiej opowiada\u0142 nam t\u0142umacz jego ksi\u0105\u017cek dr J\u00f3zef Zaprucki<\/span><\/p>\n<p align=\"JUSTIFY\"><span style=\"font-family: tahoma, arial, helvetica, sans-serif;\">Najbardziej oczekiwanym by\u0142o spotkanie po\u015bwi\u0119cone cmentarzowi wolnomy\u015blicieli (czcicieli S\u0142o\u0144ca) podparte rozmow\u0105 z przewodnicz\u0105cym Gminy Wyznaniowej Zwi\u0105zku Wyznawc\u00f3w S\u0142o\u0144ca z siedzib\u0105 w Czernicy dr Maciejem Malinowskim oraz wpisuj\u0105ce si\u0119 w uroczysto\u015b\u0107 otwarcia ustanowionego uchwa\u0142\u0105 Rady Miasta Jelenia G\u00f3ra <i><b>Skweru PTTK \u201eSudety Zachodnie\u201d.<\/b><\/i><\/span><\/p>\n<p align=\"JUSTIFY\"><span style=\"font-family: tahoma, arial, helvetica, sans-serif;\">W roku 2025 tematami naszych spacer\u00f3w by\u0142y: sztuka baroku, historia ko\u015bcio\u0142a \u015bw. Jana Chrzciciela, dzia\u0142alno\u015b\u0107 Centrum Przyrodniczo-Edukacyjnego Karkonoskiego Parku Narodowego, funkcjonowanie Term Cieplickich, 80-lecie dzia\u0142alno\u015bci Jeleniog\u00f3rskich Zak\u0142ad\u00f3w Farmaceutycznych Jelfa, historia wyrob\u00f3w szklanych. Odwiedzili\u015bmy tak\u017ce Muzeum Gerharta Hauptmanna w Jagni\u0105tkowie, I Liceum Og\u00f3lnokszta\u0142c\u0105ce (\u017berom), Ko\u015bci\u00f3\u0142 Adwentyst\u00f3w Dnia Si\u00f3dmego, a w Sylwestra zostali\u015bmy zapoznani z dzia\u0142alno\u015bci\u0105 Karkonoskiej Agencji Rozwoju Regionalnego i poznali\u015bmy zakamarki jej siedziby czyli najpi\u0119kniejszego domu towarowego w naszym mie\u015bcie.<\/span><\/p>\n<p align=\"JUSTIFY\"><span style=\"font-family: tahoma, arial, helvetica, sans-serif;\">Rok 2026 rozpocz\u0119li\u015bmy od wizyty w ko\u015bciele Polskokatolickim Matki Bo\u017cej Nieustaj\u0105cej Pomocy w Cieplicach, zapoznali\u015bmy si\u0119 z tw\u00f3rczo\u015bci\u0105 Friedricha Iwana ukazan\u0105 na zorganizowanej przez Muzeum Karkonoskie wystawie na kt\u00f3rej zgromadzono ponad 300 jego prac oraz odwiedzili\u015bmy kolejne z naszych muze\u00f3w czyli Muzeum Przyrodnicze w Cieplicach.<\/span><\/p>\n<div id=\"attachment_18754\" style=\"width: 710px\" class=\"wp-caption alignnone\"><a href=\"http:\/\/e-karkonosze.eu\/wp-content\/uploads\/2026\/04\/bolkow4.jpg\"><img loading=\"lazy\" decoding=\"async\" aria-describedby=\"caption-attachment-18754\" class=\"size-large wp-image-18754\" src=\"http:\/\/e-karkonosze.eu\/wp-content\/uploads\/2026\/04\/bolkow4-700x524.jpg\" alt=\"\" width=\"700\" height=\"524\" \/><\/a><p id=\"caption-attachment-18754\" class=\"wp-caption-text\">Foto: Krzysztof T\u0119cza<\/p><\/div>\n<p align=\"JUSTIFY\"><span style=\"font-family: tahoma, arial, helvetica, sans-serif;\">W ko\u0144cu przysz\u0142a pora na nasz jubileuszowy 50. Spacer historyczno-krajoznawczy, na kt\u00f3ry zaprosi\u0142em do nieodwiedzanego jeszcze przez nas Oddzia\u0142u Muzeum Karkonoskiego \u2013 Zamek Bolk\u00f3w. Po przywitaniu przez wicedyrektor MK pani\u0105 Anet\u0119 Sikor\u0119-Firszt wyg\u0142osi\u0142em niemal godzinn\u0105 prelekcj\u0119 o naszych dotychczasowych spacerach. Pozwoli\u0142o to ch\u0119tnym na przypomnienie sobie ciekawych miejsc i sytuacji jakie mia\u0142y miejsce.<\/span><\/p>\n<p align=\"JUSTIFY\"><span style=\"font-family: tahoma, arial, helvetica, sans-serif;\">Poniewa\u017c nie mamy zbyt dobrych po\u0142\u0105cze\u0144 komunikacyjnych z Bolkowem, tym razem zosta\u0142 wynaj\u0119ty autobus, kt\u00f3rym dotarli\u015bmy na nasze spotkanie.<\/span><\/p>\n<p align=\"JUSTIFY\"><span style=\"font-family: tahoma, arial, helvetica, sans-serif;\">Od razu powiem, \u017ce zamek Bolk\u00f3w to warownia wyj\u0105tkowa, i to nie tylko z racji jej za\u0142o\u017cycieli ale z tego jak by\u0142a wa\u017cna dla \u00f3w czesnego systemu umocnie\u0144. Pierwsz\u0105 wzmiank\u0119 o warowni pozostawi\u0142 w 1277 roku ksi\u0105\u017c\u0119 legnicki Boles\u0142awa II Rogatka ale prawdziw\u0105 budow\u0119 przypisuje si\u0119 jego synowi Bolkowi I. Od razu zdradz\u0119, \u017ce warownia le\u017cy na wzg\u00f3rzu u podn\u00f3\u017ca kt\u00f3rego swoje wody toczy rzeka Nysa Szalona. Patrz\u0105c na zachowane mury a zw\u0142aszcza na wie\u017c\u0119 ostatecznej obrony musimy przyzna\u0107, \u017ce to pot\u0119\u017cne za\u0142o\u017cenie nie zach\u0119ca\u0142o wroga do pr\u00f3b jego zdobycia. Wie\u017ca ta o wysoko\u015bci 25 metr\u00f3w ma mury o grubo\u015bci si\u0119gaj\u0105cej w przyziemiu ponad 4 metry. Samo wej\u015bcie znajdowa\u0142o si\u0119 na wysoko\u015bci 9 metr\u00f3w wi\u0119c w razie zagro\u017cenia po zniszczeniu prowadz\u0105cego do\u0144 mostu nie by\u0142o praktycznie mo\u017cliwo\u015bci by wr\u00f3g wdar\u0142 si\u0119 do \u015brodka. Ciekawostk\u0105 jest kszta\u0142t wie\u017cy. W przekroju wygl\u0105da ona jak kropla wody. Chodzi\u0142o o to by wyprofilowany dzi\u00f3b chroni\u0142 obiekt przed ostrza\u0142em. Kamienne kule ze\u015blizgiwa\u0142y si\u0119 po \u015bcianach nie wyrz\u0105dzaj\u0105c \u017cadnych szk\u00f3d.<\/span><\/p>\n<p align=\"JUSTIFY\"><span style=\"font-family: tahoma, arial, helvetica, sans-serif;\">Musz\u0119 przyzna\u0107, \u017ce wszystko nam sprzyja\u0142o podczas wizyty na bolkowskim zamku. Pogoda by\u0142a wy\u015bmienita. Dlatego przygotowane przez za\u0142og\u0119 zamku ognisko zaj\u0119\u0142o nam lwi\u0105 cz\u0119\u015b\u0107 naszego tu pobytu. Oczywi\u015bcie nie oznacza to, \u017ce nie byli\u015bmy zainteresowani budowl\u0105. Na pocz\u0105tek odbyli\u015bmy praktyczn\u0105 nauk\u0119 produkcji wyrob\u00f3w kowalskich a nast\u0119pnie oprowadzi\u0142em wszystkich po warowni. Obejrzeli\u015bmy artefakty zgromadzone w zamkowym muzeum, weszli\u015bmy na wi\u0119\u017c\u0119, zeszli\u015bmy do lochu g\u0142odowego i zapoznali\u015bmy si\u0119 z prowadzonymi tu od kilku sezon\u00f3w pracami archeologicznymi.<\/span><\/p>\n<p align=\"JUSTIFY\"><span style=\"font-family: tahoma, arial, helvetica, sans-serif;\">Uczestnik\u00f3w spaceru zaciekawi\u0142 bardzo widok usytuowanego na s\u0105siednim wzg\u00f3rzu zamku \u015awiny. Obie warownie maj\u0105 ciekaw\u0105 przesz\u0142o\u015b\u0107 ale najbardziej wyobra\u017ani\u0119 odwiedzaj\u0105cych je turyst\u00f3w rozpala zbudowany wed\u0142ug dawnych przekaz\u00f3w tunel dzi\u0119ki kt\u00f3remu mo\u017cna by\u0142o przej\u015b\u0107 niepostrze\u017cenie do s\u0105siedniej warowni.<\/span><\/p>\n<p align=\"JUSTIFY\"><span style=\"font-family: tahoma, arial, helvetica, sans-serif;\">Ko\u0144cz\u0105c to kr\u00f3tkie podsumowanie organizowanych przeze mnie od 5 lat spacer\u00f3w historyczno-krajoznawczych pragn\u0119 podzi\u0119kowa\u0107 dyrektor Muzeum Karkonoskiego pani Julicie Zapruckiej za w\u0142\u0105czenie si\u0119 w organizacj\u0119 spotka\u0144 i udost\u0119pnianie dla ich potrzeb muzeum wraz z jego oddzia\u0142ami. Dzi\u0119kuj\u0119 r\u00f3wnie\u017c wicedyrektor MK pani Anecie Sikora-Firszt za jej wk\u0142ad w nasze wydarzenia. Wielkie podzi\u0119kowania nale\u017c\u0105 si\u0119 pracownikom muzeum, kt\u00f3rzy przygotowuj\u0105 wyk\u0142ady do kolejnych wymy\u015blanych przeze mnie temat\u00f3w oraz dbaj\u0105 o nale\u017cyte przygotowanie naszych wizyt w muzeum. S\u0105 to: Robert Rzeszowski, Tomasz Miszczyk, Ma\u0142gorzata Matysiak, Tomasz \u017bylewicz, Helena Skwarek, Katarzyna Szafra\u0144ska, Wojciech Szczerepa, \u0141ukasz Kwietnicki, Ma\u0142gorzata Su\u0142kowska. Dzi\u0119kuj\u0119 tak\u017ce osobom, kt\u00f3re bezinteresownie w\u0142\u0105czy\u0142y si\u0119 w moje spacery przekazuj\u0105c nam swoj\u0105 cz\u0119sto unikatow\u0105 wiedz\u0119. S\u0105 to dr Stefania \u017belasko, dr Ivo \u0141aborewicz, gen. brygady Bronis\u0142aw Peikert, dr J\u00f3zef Zaprucki, Andrzej Marchowski, Agata Bu\u015bko, ksi\u0105dz Bazyli Szewczuk, Tadeusz Wnuk, Miros\u0142aw G\u00f3recki, Piotr Zamorski, Marian Sajnog, Piotr Dubiel, Tomasz Trusewicz, Andrzej Gaw\u0142owski, Joanna Wo\u0142czy\u0144ska, dr hab. Piotr Gryszel, bli\u017aniacy Boles\u0142aw i Mieczys\u0142aw Osipikowie, Mi\u0142osz Sajnog, Arkadiusz Wichniak, Andrzej Ciosa\u0144ski, Andrzej Mateusiak, Waldemar Arcimowicz, Ewa Brzostek, Agnieszka Hacia, Jerzy \u0141u\u017cniak, Wojciech Chad\u017cy, dr Maciej Malinowski, Marta Mejer, ksi\u0105dz Sebastian Kozie\u0142, Edward \u0106wiek, Katarzyna Soboczy\u0144ska, Karolina Matusewicz-G\u00f3rniak, dr Jolanta Ryglewska, pastor Andrzej Sieja, Hubert Papaj, proboszcz Jan Anatol Sielchanowicz, Dominika Paw\u0142owska.<\/span><\/p>\n<p align=\"JUSTIFY\"><span style=\"font-family: tahoma, arial, helvetica, sans-serif;\">Dzi\u0119kuj\u0119 tak\u017ce instytucjom kt\u00f3re nas przyj\u0119\u0142y pozwalaj\u0105c zapozna\u0107 si\u0119 z ich dzia\u0142alno\u015bci\u0105. S\u0105 to: Muzeum Karkonoskie wraz z oddzia\u0142ami Muzeum Carla i Gerharta Hauptmann\u00f3w, Muzeum Historii i Militari\u00f3w, Zamek Bolk\u00f3w, Muzeum Przyrodnicze, Muzeum Gerharta Hauptmanna, Archiwum Pa\u0144stwowe we Wroc\u0142awiu Oddzia\u0142 w Jeleniej G\u00f3rze, Urz\u0105d Miasta Jelenia G\u00f3ra, Teatr im. Cypriana Kamila Norwida, Grupa Karkonoska GOPR, Poczta Polska, Interaktywne Centrum Edukacji Przeciwpo\u017carowej, Karkonoska Akademia Nauk Stosowanych, przedsi\u0119biorstwo ZORKA, Przedsi\u0119biorstwo Wodoci\u0105g\u00f3w i Kanalizacji WODNIK, Modelarnia KOLEJKOWO, PKP, Centrum Przyrodniczo-Edukacyjne KPN, ko\u015bci\u00f3\u0142 \u015bw. Jana Chrzciciela, Termy Cieplickie, ko\u015bci\u00f3\u0142 Zbawiciela, Zak\u0142ady Farmaceutyczne Jelfa, I LO \u201e\u017berom\u201d, Ko\u015bci\u00f3\u0142 Adwentyst\u00f3w Dnia Si\u00f3dmego, Karkonoska Agencja Rozwoju Regionalnego, ko\u015bci\u00f3\u0142 Matki Bo\u017cej Nieustaj\u0105cej Pomocy.<\/span><\/p>\n<p align=\"JUSTIFY\"><span style=\"font-family: tahoma, arial, helvetica, sans-serif;\">Jak wida\u0107 w realizacj\u0119 moich spacer\u00f3w w\u0142\u0105czy\u0142o si\u0119 wiele os\u00f3b i instytucji. Bez dobrej woli z ich strony nie uda\u0142oby mi si\u0119 pokaza\u0107 tak wielu ciekawych miejsc w Jeleniej G\u00f3rze. Jak do tej pory uda\u0142o mi si\u0119 nie powt\u00f3rzy\u0107 \u017cadnego z temat\u00f3w. My\u015bl\u0119, \u017ce jeszcze na jaki\u015b czas wystarczy mi nowych pomys\u0142\u00f3w. Dodam tylko, \u017ce wszystkie spacery realizuj\u0119 z my\u015bl\u0105 o poznawaniu historii Jeleniej G\u00f3ry, o przekazywaniu tej wiedzy jej mieszka\u0144com, a tak\u017ce zachowaniu jej w pami\u0119ci. Dlatego staram si\u0119 z ka\u017cdego spaceru zamieszcza\u0107 stosown\u0105 relacj\u0119. Oczywi\u015bcie moj\u0105 prac\u0119 traktuj\u0119 jako hobby.<\/span><\/p>\n<p align=\"JUSTIFY\"><span style=\"font-family: tahoma, arial, helvetica, sans-serif;\">Na koniec dzi\u0119kuj\u0119 uczestnikom spacer\u00f3w bo bez nich nie mia\u0142oby to sensu. Dzi\u0119kuj\u0119 za przekazywanie w trakcie spotka\u0144 wspomnie\u0144 jakie zachowali\u015bcie w swojej pami\u0119ci, cz\u0119sto ukazuj\u0105 one poszczeg\u00f3lne obiekty miasta w zupe\u0142nie innym, nowym \u015bwietle.<\/span><\/p>\n<p align=\"RIGHT\"><strong><span style=\"font-family: tahoma, arial, helvetica, sans-serif;\">Krzysztof T\u0119cza<\/span><\/strong><\/p>\n","protected":false},"excerpt":{"rendered":"<p>Wszystko zacz\u0119\u0142o si\u0119 dok\u0142adnie 21 kwietnia 2022 roku kiedy spotka\u0142em si\u0119 z dyrektor Muzeum Karkonoskiego by porozmawia\u0107 o wsp\u00f3\u0142pracy pomi\u0119dzy Muzeum Karkonoskim a Oddzia\u0142em PTTK \u201eSudety Zachodnie\u201d w Jeleniej G\u00f3rze. <span class=\"excerpt-dots\">&hellip;<\/span> <a class=\"more-link\" href=\"https:\/\/slowo-polskie.pl\/index.php\/2026\/04\/27\/50-spacerow-historyczno-krajoznawczych-jubileusz-na-zamku-bolkow\/\"><span class=\"more-msg\">Czytaj dalej &rarr;<\/span><\/a><\/p>\n","protected":false},"author":2,"featured_media":2521,"comment_status":"open","ping_status":"open","sticky":false,"template":"","format":"standard","meta":{"footnotes":""},"categories":[36],"tags":[],"class_list":["post-2518","post","type-post","status-publish","format-standard","has-post-thumbnail","hentry","category-tecza-krzysztof"],"_links":{"self":[{"href":"https:\/\/slowo-polskie.pl\/index.php\/wp-json\/wp\/v2\/posts\/2518","targetHints":{"allow":["GET"]}}],"collection":[{"href":"https:\/\/slowo-polskie.pl\/index.php\/wp-json\/wp\/v2\/posts"}],"about":[{"href":"https:\/\/slowo-polskie.pl\/index.php\/wp-json\/wp\/v2\/types\/post"}],"author":[{"embeddable":true,"href":"https:\/\/slowo-polskie.pl\/index.php\/wp-json\/wp\/v2\/users\/2"}],"replies":[{"embeddable":true,"href":"https:\/\/slowo-polskie.pl\/index.php\/wp-json\/wp\/v2\/comments?post=2518"}],"version-history":[{"count":1,"href":"https:\/\/slowo-polskie.pl\/index.php\/wp-json\/wp\/v2\/posts\/2518\/revisions"}],"predecessor-version":[{"id":2525,"href":"https:\/\/slowo-polskie.pl\/index.php\/wp-json\/wp\/v2\/posts\/2518\/revisions\/2525"}],"wp:featuredmedia":[{"embeddable":true,"href":"https:\/\/slowo-polskie.pl\/index.php\/wp-json\/wp\/v2\/media\/2521"}],"wp:attachment":[{"href":"https:\/\/slowo-polskie.pl\/index.php\/wp-json\/wp\/v2\/media?parent=2518"}],"wp:term":[{"taxonomy":"category","embeddable":true,"href":"https:\/\/slowo-polskie.pl\/index.php\/wp-json\/wp\/v2\/categories?post=2518"},{"taxonomy":"post_tag","embeddable":true,"href":"https:\/\/slowo-polskie.pl\/index.php\/wp-json\/wp\/v2\/tags?post=2518"}],"curies":[{"name":"wp","href":"https:\/\/api.w.org\/{rel}","templated":true}]}}