{"id":2526,"date":"2026-04-27T23:17:18","date_gmt":"2026-04-27T21:17:18","guid":{"rendered":"https:\/\/slowo-polskie.pl\/?p=2526"},"modified":"2026-04-27T23:23:29","modified_gmt":"2026-04-27T21:23:29","slug":"improsprawcy-w-centrum-kultury-agora","status":"publish","type":"post","link":"https:\/\/slowo-polskie.pl\/index.php\/2026\/04\/27\/improsprawcy-w-centrum-kultury-agora\/","title":{"rendered":"ImproSPRAWCY w Centrum Kultury AGORA"},"content":{"rendered":"<p>W dniach 25-26 kwietnia w Centrum Kultury Agora mia\u0142o miejsce niecodzienne wydarzenie kulturalne<b> &#8211; Dolno\u015bl\u0105ski Przegl\u0105d M\u0142odego Impro \u2013 ImproSPRAWCY 2026. <\/b>To pono\u0107 pierwsze tego typu wydarzenie w Polsce, w ca\u0142o\u015bci po\u015bwi\u0119cone amatorskiej scenie improwizacji teatralnej i skierowane do pocz\u0105tkuj\u0105cych grup improwizacyjnych, dzia\u0142aj\u0105cych na terenie naszego kraju.<\/p>\n<p><a href=\"https:\/\/slowo-polskie.pl\/wp-content\/uploads\/2026\/04\/improsprawcy5.jpg\"><img loading=\"lazy\" decoding=\"async\" class=\"alignnone size-large wp-image-2532\" src=\"https:\/\/slowo-polskie.pl\/wp-content\/uploads\/2026\/04\/improsprawcy5-700x477.jpg\" alt=\"\" width=\"700\" height=\"477\" srcset=\"https:\/\/slowo-polskie.pl\/wp-content\/uploads\/2026\/04\/improsprawcy5-700x477.jpg 700w, https:\/\/slowo-polskie.pl\/wp-content\/uploads\/2026\/04\/improsprawcy5-280x191.jpg 280w, https:\/\/slowo-polskie.pl\/wp-content\/uploads\/2026\/04\/improsprawcy5-150x102.jpg 150w, https:\/\/slowo-polskie.pl\/wp-content\/uploads\/2026\/04\/improsprawcy5-768x523.jpg 768w, https:\/\/slowo-polskie.pl\/wp-content\/uploads\/2026\/04\/improsprawcy5.jpg 1057w\" sizes=\"auto, (max-width: 700px) 100vw, 700px\" \/><\/a><\/p>\n<p>Pomimo, i\u017c ta forma teatralnego przekazu rozwija si\u0119 coraz dynamiczniej i interesuje si\u0119 ni\u0105 coraz szersze grono samych tw\u00f3rc\u00f3w jak i publiczno\u015bci, to wiele os\u00f3b jeszcze nigdy nie mia\u0142o okazji si\u0119 z ni\u0105 spotka\u0107. Czym zatem jest owo IMPRO?<\/p>\n<p><i>Improwizacja teatralna (impro) to forma sztuki scenicznej, w kt\u00f3rej aktorzy tworz\u0105 spektakl, dialogi i historie na \u017cywo, bez wcze\u015bniejszego scenariusza czy rekwizyt\u00f3w. Oparta na spontaniczno\u015bci, wzajemnym zaufaniu i sugestiach publiczno\u015bci, rozwija kreatywno\u015b\u0107 oraz komunikacj\u0119. Kluczow\u0105 zasad\u0105 jest akceptacja pomys\u0142\u00f3w partnera, co pozwala budowa\u0107 sp\u00f3jn\u0105 akcj\u0119 w duchu wsp\u00f3lnej pracy zespo\u0142owej*<\/i><\/p>\n<p>Wszystko powstaje tu i teraz, w \u015bcis\u0142ej relacji z publiczno\u015bci\u0105, kt\u00f3ra ma realny wp\u0142yw na przebieg spektaklu.<\/p>\n<p>Organizatorzy Przegl\u0105du postawili sobie za cel m.in. pobudzanie aktywno\u015bci tw\u00f3rczej i rozw\u00f3j artystyczny pocz\u0105tkuj\u0105cych grup improwizacyjnych poprzez organizacj\u0119 warsztat\u00f3w z do\u015bwiadczonymi improwizatorami. Zale\u017ca\u0142o im tak\u017ce na promocji i upowszechnianiu teatru improwizacji na terenie Dolnego \u015al\u0105ska.**<\/p>\n<p><a href=\"https:\/\/slowo-polskie.pl\/wp-content\/uploads\/2026\/04\/improsprawcy4.jpg\"><img loading=\"lazy\" decoding=\"async\" class=\"alignnone size-large wp-image-2531\" src=\"https:\/\/slowo-polskie.pl\/wp-content\/uploads\/2026\/04\/improsprawcy4-700x575.jpg\" alt=\"\" width=\"700\" height=\"575\" srcset=\"https:\/\/slowo-polskie.pl\/wp-content\/uploads\/2026\/04\/improsprawcy4-700x575.jpg 700w, https:\/\/slowo-polskie.pl\/wp-content\/uploads\/2026\/04\/improsprawcy4-280x230.jpg 280w, https:\/\/slowo-polskie.pl\/wp-content\/uploads\/2026\/04\/improsprawcy4-150x123.jpg 150w, https:\/\/slowo-polskie.pl\/wp-content\/uploads\/2026\/04\/improsprawcy4-768x631.jpg 768w, https:\/\/slowo-polskie.pl\/wp-content\/uploads\/2026\/04\/improsprawcy4.jpg 877w\" sizes=\"auto, (max-width: 700px) 100vw, 700px\" \/><\/a><\/p>\n<p>I w\u0142a\u015bnie warsztatom, z do\u015bwiadczonymi na polu improwizacji aktorami, po\u015bwi\u0119cony by\u0142 pierwszy dzie\u0144 Przegl\u0105du. ImproRUCH i ImproG\u0141OS mia\u0142y wyposa\u017cy\u0107 uczestnik\u00f3w w nowe umiej\u0119tno\u015bci b\u0105d\u017a pozwoli\u0107 im udoskonali\u0107 te ju\u017c posiadane, sprawi\u0107 by ich gra sta\u0142a si\u0119 jeszcze bardziej plastyczna i wiarygodna, utrzymana w dobrym tempie i trzymaj\u0105ca widza w napi\u0119ciu.<\/p>\n<p>O ile wi\u0119c dzie\u0144 pierwszy to g\u0142\u00f3wnie warsztaty oraz ImproJAM, o tyle drugi dzie\u0144 to ju\u017c konkursowe wyst\u0119py przed jury oraz licznie przyby\u0142\u0105 publiczno\u015bci\u0105 czyli <b>Przegl\u0105d M\u0142odego Impro, <\/b>odbywaj\u0105cy si\u0119 na nast\u0119puj\u0105cych zasadach:<\/p>\n<p>Ka\u017cda z grup zakwalifikowanych do Przegl\u0105du otrzymuje 30 minut na scenie w dowolnej formie. Grupy graj\u0105 bez przygotowanego scenariusza, wed\u0142ug sugestii publiczno\u015bci, kt\u00f3ra mo\u017ce zdecydowa\u0107 np. o miejscu akcji, bohaterach czy s\u0142owach, kt\u00f3re maj\u0105 pa\u015b\u0107 ze sceny. Zespo\u0142y mog\u0105 u\u017cywa\u0107 gestu, charakteryzacji, kostiumu, rekwizyt\u00f3w, muzyki, \u015bpiewu czy instrument\u00f3w, kieruj\u0105c si\u0119 przy tym ich przydatno\u015bci\u0105 w improwizacji. Z udzia\u0142u publiczno\u015bci wy\u0142\u0105czone jest jedynie zapraszanie widz\u00f3w na scen\u0119.<\/p>\n<p><a href=\"https:\/\/slowo-polskie.pl\/wp-content\/uploads\/2026\/04\/improsprawcy3.jpg\"><img loading=\"lazy\" decoding=\"async\" class=\"alignnone size-large wp-image-2530\" src=\"https:\/\/slowo-polskie.pl\/wp-content\/uploads\/2026\/04\/improsprawcy3-700x525.jpg\" alt=\"\" width=\"700\" height=\"525\" srcset=\"https:\/\/slowo-polskie.pl\/wp-content\/uploads\/2026\/04\/improsprawcy3-700x525.jpg 700w, https:\/\/slowo-polskie.pl\/wp-content\/uploads\/2026\/04\/improsprawcy3-280x210.jpg 280w, https:\/\/slowo-polskie.pl\/wp-content\/uploads\/2026\/04\/improsprawcy3-150x113.jpg 150w, https:\/\/slowo-polskie.pl\/wp-content\/uploads\/2026\/04\/improsprawcy3-768x576.jpg 768w, https:\/\/slowo-polskie.pl\/wp-content\/uploads\/2026\/04\/improsprawcy3.jpg 960w\" sizes=\"auto, (max-width: 700px) 100vw, 700px\" \/><\/a><\/p>\n<p>Po ka\u017cdym wyst\u0119pie nast\u0119puje g\u0142osowanie widz\u00f3w i komentarz juror\u00f3w**<\/p>\n<p>A w jury zasiedli znani i uznani aktorzy-improwizatorzy: Artur J\u00f3skowiak, Agnieszka Ory\u0144ska-Lesicka i Tomasz Marcinko<\/p>\n<p>Przegl\u0105d rozpocz\u0119\u0142a, s\u0142owem wst\u0119pu, jego koordynatorka Marcelina Sak, kt\u00f3ra podzi\u0119kowa\u0142a wykonawcom za obdarzenie organizator\u00f3w zaufaniem i zg\u0142oszenie swego akcesu pomimo i\u017c przegl\u0105d dopiero zaczyna budowa\u0107 swoj\u0105 renom\u0119. Ca\u0142o\u015b\u0107 zgrabnie poprowadzi\u0142 Maciek Wi\u015bnia Wi\u015bniewski, kt\u00f3ry o impro wie pono\u0107 prawie wszystko. Maciek \u201erozgrzewa\u0142\u201d publiczno\u015b\u0107, wprowadza\u0142 na scen\u0119 kolejne ekipy, czuwa\u0142 nad sprawnym przebiegiem g\u0142osowania widz\u00f3w oraz komentarzy jury.<\/p>\n<p>I cho\u0107 wszystkim ekipom \u017cyczyli\u015bmy powodzenia w konkursowych zmaganiach, to szczeg\u00f3lnie trzymali\u015bmy kciuki za wroc\u0142awski <i>KOMPROPIS<\/i> \u2013 jedyn\u0105 w tym gronie formacj\u0119 reprezentuj\u0105c\u0105 zDolny \u015al\u0105sk oraz jedyn\u0105, kt\u00f3ra z tu obecnych tworzy w konwencji impro musicalu.<\/p>\n<p>Ogromnym plusem by\u0142o to, i\u017c ka\u017cda z sze\u015bciu ekip zakwalifikowanych do II etapu przegl\u0105du (a zg\u0142osi\u0142o si\u0119 ich a\u017c 37 \u2013 z ca\u0142ej Polski) porusza\u0142a si\u0119 w nieco innym formacie od sitcomu, przez \u201eBandersnatch\u201d na mockumencie ko\u0144cz\u0105c.<\/p>\n<p>Dzi\u0119ki temu ten impromaraton absolutnie si\u0119 nie d\u0142u\u017cy\u0142, ca\u0142y czas utrzymuj\u0105c napi\u0119cie w oczekiwaniu na kolejny, zabawny gag czy rozw\u00f3j sytuacji. A publiczno\u015b\u0107 bawi\u0142a si\u0119 \u015bwietnie, co chwila wybuchaj\u0105c salwami \u015bmiechu.<\/p>\n<p>Je\u015bli prawd\u0105 jest, \u017ce \u015bmiech to zdrowie, to ka\u017cdy z tu obecnych mocno pod\u0142adowa\u0142 tego dnia swoje zdrowotne baterie.<\/p>\n<p>Mo\u017ce uda si\u0119 nam nawet dzi\u0119ki temu do\u017cy\u0107 \u2013 podobnie jak jednemu z bohater\u00f3w spektaklu grupy <i>Po przecinku &#8211; <\/i>113. roku \u017cycia.<\/p>\n<p>Po ka\u017cdym wyst\u0119pie publiczno\u015b\u0107 &#8211; poprzez uniesienie w g\u00f3r\u0119 (b\u0105d\u017a nie) bia\u0142ej kartki \u2013 dawa\u0142a wyraz temu czy dany spektakl przypad\u0142 jej do gustu. Oczywi\u015bcie tradycyjne formy w postaci oklask\u00f3w, krzyk\u00f3w a nawet standing ovation by\u0142y r\u00f3wnie\u017c mile widziane aczkolwiek, to w\u0142a\u015bnie ilo\u015b\u0107 owych bia\u0142ych kartek mia\u0142a wp\u0142yn\u0105\u0107 na finalne przyznanie Nagrody Publiczno\u015bci.<\/p>\n<p>Wyst\u0119p ko\u0144czy\u0142a tak\u017ce \u201es\u0142owno-muzyczna\u201d ocena jury, kt\u00f3re do powierzonego zadania podesz\u0142o niesamowicie profesjonalnie, podkre\u015blaj\u0105c wszelkie plusy i odwo\u0142uj\u0105c si\u0119 do konkretnych scen, gest\u00f3w na nawet u\u017cytych przez artyst\u00f3w zwrot\u00f3w. Je\u015bli za\u015b dostrzega\u0142o ono jakiekolwiek elementy do poprawy, to czyni\u0142o to z niezwyk\u0142\u0105 \u017cyczliwo\u015bci\u0105, wskazuj\u0105c w\u0142a\u015bciwy kierunek. Dzi\u0119ki takiemu podej\u015bciu ka\u017cda z formacji czu\u0142a si\u0119 doceniona i zauwa\u017cona.<\/p>\n<p>Jako \u017ce ka\u017cdy z wyst\u0119p\u00f3w mia\u0142 w sobie co\u015b, co naprawd\u0119 mog\u0142o si\u0119 podoba\u0107, wszyscy w napi\u0119ciu oczekiwali wynik\u00f3w obrad jury. Ale zanim to szacowne grono podzieli\u0142o si\u0119 z nami swoimi przemy\u015bleniami, Pani Marcelina zaprezentowa\u0142a wynik g\u0142osowania publiczno\u015bci. Ta najcenniejsza dla artyst\u00f3w nagroda trafi\u0142a do\u2026 KOMPROMISU w\u0142a\u015bnie.<\/p>\n<p>Ale\u017c na widowni zapanowa\u0142a wrzawa! Cho\u0107 po tych cz\u0105stkowych g\u0142osowaniach mo\u017cna si\u0119 by\u0142o tego spodziewa\u0107, bo jako jedyni doczekali si\u0119 owacji na stoj\u0105co, to jednak pewna nutka niepewno\u015bci by\u0142a. Mog\u0142o si\u0119 bowiem zdarzy\u0107 \u2013 z racji tej, \u017ce ludzie wchodzili, wychodzili \u2013 i\u017c wroc\u0142awian wyprzedzi grupa <i>OniOne <\/i>z Krakowa, kt\u00f3rej wyst\u0119p tak\u017ce bardzo si\u0119 publiczno\u015bci podoba\u0142.<\/p>\n<p><a href=\"https:\/\/slowo-polskie.pl\/wp-content\/uploads\/2026\/04\/improsprawcy2.jpg\"><img loading=\"lazy\" decoding=\"async\" class=\"alignnone size-large wp-image-2529\" src=\"https:\/\/slowo-polskie.pl\/wp-content\/uploads\/2026\/04\/improsprawcy2-700x525.jpg\" alt=\"\" width=\"700\" height=\"525\" srcset=\"https:\/\/slowo-polskie.pl\/wp-content\/uploads\/2026\/04\/improsprawcy2-700x525.jpg 700w, https:\/\/slowo-polskie.pl\/wp-content\/uploads\/2026\/04\/improsprawcy2-280x210.jpg 280w, https:\/\/slowo-polskie.pl\/wp-content\/uploads\/2026\/04\/improsprawcy2-150x113.jpg 150w, https:\/\/slowo-polskie.pl\/wp-content\/uploads\/2026\/04\/improsprawcy2-768x576.jpg 768w, https:\/\/slowo-polskie.pl\/wp-content\/uploads\/2026\/04\/improsprawcy2.jpg 960w\" sizes=\"auto, (max-width: 700px) 100vw, 700px\" \/><\/a><\/p>\n<p><strong>Potem nadszed\u0142 ten najwa\u017cniejszy moment. Og\u0142oszenie wynik\u00f3w Przegl\u0105du.<\/strong><\/p>\n<p>Jury przyzna\u0142o dwa wyr\u00f3\u017cnienia, kt\u00f3re zdoby\u0142y:<\/p>\n<p>&#8211; wspomniani ju\u017c wcze\u015bniej <i>OniOne<\/i><\/p>\n<p>&#8211; oraz <i>Wolne \u017barty <\/i>z Tarnowskich G\u00f3r (ich opowie\u015b\u0107 o <i>Johnnym Jeansie na Dzikim Zachodzie<\/i>, to by\u0142o co\u015b a scena z ko\u0144mi, tu ju\u017c prawdziwy majstersztyk)<\/p>\n<p>Jury zdecydowa\u0142o tak\u017ce o podziale nagrody g\u0142\u00f3wnej, doceniaj\u0105c w ten spos\u00f3b <i>Klifotrzymaczy<\/i> z Warszawy. To w\u0142a\u015bnie oni zaprezentowali si\u0119 w sitcomie, kt\u00f3remu przy\u015bwieca\u0107 mia\u0142o motto <i>Co zrobi\u0142em wczoraj, to zrobi\u0119 jutro.<\/i><\/p>\n<p>Pierwsze miejsce, nagroda finansowa oraz pami\u0105tkowa statuetka Przegl\u0105du ImproSPRAWCY 2026 trafi\u0142a do formacji dzia\u0142aj\u0105cej pod nazw\u0105\u2026<\/p>\n<p><strong>KOMPROMIS<\/strong><\/p>\n<p>Ich spektakl o zdobywaniu prawa jazdy przez jedn\u0105 z bohaterek zdoby\u0142 najwy\u017csze uznanie jury a ko\u0144cowy motyw muzyczny <i>\u201eWa\u017cniejsze ni\u017c motoryzacyjne wyczyny s\u0105 zar\u0119czyny\u201d<\/i> z pewno\u015bci\u0105 przejdzie ju\u017c do impro musicalowej historii.<\/p>\n<p>A oto co jury napisa\u0142o w uzasadnieniu swojej decyzji:<\/p>\n<p>\u201e<i>Za przeprowadzenie nas przez trudne tematy z wyczuciem, z zachowaniem klarownej fabu\u0142y i inteligentnej komedii\u201d<\/i><\/p>\n<p>Wszystkim improwizatorom sk\u0142adamy serdeczne gratulacje. I cho\u0107 grupom <i>Tak Wysz\u0142o<\/i> z Katowic i <i>Po Przecinku <\/i>tym razem nie dopisa\u0142o szcz\u0119\u015bcie, to i tak mog\u0105 mie\u0107 satysfakcj\u0119 z tego jak wiele rado\u015bci dostarczyli publiczno\u015bci.<\/p>\n<p>Organizatorzy ju\u017c zapowiedzieli \u2013 ku zadowoleniu wszystkich \u2013 kontynuacj\u0119 projektu i jego kolejn\u0105 edycj\u0119 za rok.<\/p>\n<p>Na zako\u0144czenie przegl\u0105du, kiedy emocje ju\u017c nieco opad\u0142y, m\u0142odzi adepci impro mieli okazj\u0119 podpatrzy\u0107 jak to robi\u0105 ich zdecydowanie bardziej do\u015bwiadczeni koledzy z <i>Teatru Improwizowanego Klancyk.<\/i><\/p>\n<p><strong>Ma\u0142gorzata Miodowska<\/strong><\/p>\n<p><span style=\"font-size: small;\"><i>* \u0179r\u00f3d\u0142o: Internet<\/i><\/span><\/p>\n<p><span style=\"font-size: small;\"><i>** W relacji w wydarzenia skorzystano cz\u0119\u015bciowo z materia\u0142\u00f3w CK AGORA (regulaminu Przegl\u0105du oraz opisu obowi\u0105zuj\u0105cych w jego trakcie zasad)<\/i><\/span><\/p>\n<p><a href=\"https:\/\/slowo-polskie.pl\/wp-content\/uploads\/2026\/04\/improsprawcy.jpg\"><img loading=\"lazy\" decoding=\"async\" class=\"alignnone size-large wp-image-2528\" src=\"https:\/\/slowo-polskie.pl\/wp-content\/uploads\/2026\/04\/improsprawcy-505x700.jpg\" alt=\"\" width=\"505\" height=\"700\" srcset=\"https:\/\/slowo-polskie.pl\/wp-content\/uploads\/2026\/04\/improsprawcy-505x700.jpg 505w, https:\/\/slowo-polskie.pl\/wp-content\/uploads\/2026\/04\/improsprawcy-202x280.jpg 202w, https:\/\/slowo-polskie.pl\/wp-content\/uploads\/2026\/04\/improsprawcy-108x150.jpg 108w, https:\/\/slowo-polskie.pl\/wp-content\/uploads\/2026\/04\/improsprawcy.jpg 720w\" sizes=\"auto, (max-width: 505px) 100vw, 505px\" \/><\/a><\/p>\n","protected":false},"excerpt":{"rendered":"<p>W dniach 25-26 kwietnia w Centrum Kultury Agora mia\u0142o miejsce niecodzienne wydarzenie kulturalne &#8211; Dolno\u015bl\u0105ski Przegl\u0105d M\u0142odego Impro \u2013 ImproSPRAWCY 2026. To pono\u0107 pierwsze tego typu wydarzenie w Polsce, w <span class=\"excerpt-dots\">&hellip;<\/span> <a class=\"more-link\" href=\"https:\/\/slowo-polskie.pl\/index.php\/2026\/04\/27\/improsprawcy-w-centrum-kultury-agora\/\"><span class=\"more-msg\">Czytaj dalej &rarr;<\/span><\/a><\/p>\n","protected":false},"author":2,"featured_media":2532,"comment_status":"open","ping_status":"open","sticky":false,"template":"","format":"standard","meta":{"footnotes":""},"categories":[71],"tags":[],"class_list":["post-2526","post","type-post","status-publish","format-standard","has-post-thumbnail","hentry","category-miodowska-malgorzata"],"_links":{"self":[{"href":"https:\/\/slowo-polskie.pl\/index.php\/wp-json\/wp\/v2\/posts\/2526","targetHints":{"allow":["GET"]}}],"collection":[{"href":"https:\/\/slowo-polskie.pl\/index.php\/wp-json\/wp\/v2\/posts"}],"about":[{"href":"https:\/\/slowo-polskie.pl\/index.php\/wp-json\/wp\/v2\/types\/post"}],"author":[{"embeddable":true,"href":"https:\/\/slowo-polskie.pl\/index.php\/wp-json\/wp\/v2\/users\/2"}],"replies":[{"embeddable":true,"href":"https:\/\/slowo-polskie.pl\/index.php\/wp-json\/wp\/v2\/comments?post=2526"}],"version-history":[{"count":3,"href":"https:\/\/slowo-polskie.pl\/index.php\/wp-json\/wp\/v2\/posts\/2526\/revisions"}],"predecessor-version":[{"id":2534,"href":"https:\/\/slowo-polskie.pl\/index.php\/wp-json\/wp\/v2\/posts\/2526\/revisions\/2534"}],"wp:featuredmedia":[{"embeddable":true,"href":"https:\/\/slowo-polskie.pl\/index.php\/wp-json\/wp\/v2\/media\/2532"}],"wp:attachment":[{"href":"https:\/\/slowo-polskie.pl\/index.php\/wp-json\/wp\/v2\/media?parent=2526"}],"wp:term":[{"taxonomy":"category","embeddable":true,"href":"https:\/\/slowo-polskie.pl\/index.php\/wp-json\/wp\/v2\/categories?post=2526"},{"taxonomy":"post_tag","embeddable":true,"href":"https:\/\/slowo-polskie.pl\/index.php\/wp-json\/wp\/v2\/tags?post=2526"}],"curies":[{"name":"wp","href":"https:\/\/api.w.org\/{rel}","templated":true}]}}