{"id":3394,"date":"2026-08-31T15:48:24","date_gmt":"2026-08-31T13:48:24","guid":{"rendered":"https:\/\/slowo-polskie.pl\/?p=3394"},"modified":"2026-08-31T16:02:36","modified_gmt":"2026-08-31T14:02:36","slug":"profesor-w-drodze-po-marzenia","status":"publish","type":"post","link":"https:\/\/slowo-polskie.pl\/index.php\/2026\/08\/31\/profesor-w-drodze-po-marzenia\/","title":{"rendered":"Profesor \u2013 w drodze po marzenia"},"content":{"rendered":"<p><span style=\"color: #000000;\"><span style=\"font-size: medium;\"><b>PIOTR GARBACZEWSKI \u2013 <\/b><\/span><span style=\"font-size: medium;\">profesor belwederski, by\u0142y dyrektor Instytutu Fizyki Uniwersytetu Opolskiego, rodowity Opolanin zamieszka\u0142y od matury we Wroc\u0142awiu, kiedy pytam go o wa\u017cne zdarzenia, czasem punkty zwrotne w jego \u017cyciu zawodowym i osobistym, stwierdza:<\/span><\/span><\/p>\n<p><a href=\"https:\/\/slowo-polskie.pl\/wp-content\/uploads\/2026\/08\/II-1974-z-lewj-Wojtek-i-ja.jpg\"><img loading=\"lazy\" decoding=\"async\" class=\"alignnone size-full wp-image-3399\" src=\"https:\/\/slowo-polskie.pl\/wp-content\/uploads\/2026\/08\/II-1974-z-lewj-Wojtek-i-ja.jpg\" alt=\"\" width=\"430\" height=\"379\" srcset=\"https:\/\/slowo-polskie.pl\/wp-content\/uploads\/2026\/08\/II-1974-z-lewj-Wojtek-i-ja.jpg 430w, https:\/\/slowo-polskie.pl\/wp-content\/uploads\/2026\/08\/II-1974-z-lewj-Wojtek-i-ja-280x247.jpg 280w, https:\/\/slowo-polskie.pl\/wp-content\/uploads\/2026\/08\/II-1974-z-lewj-Wojtek-i-ja-150x132.jpg 150w\" sizes=\"auto, (max-width: 430px) 100vw, 430px\" \/><\/a><\/p>\n<p><span style=\"color: #000000;\"><span style=\"font-size: medium;\">&#8211; Z<\/span><span style=\"font-size: medium;\"><i> perspektywy lat dostrzegam, \u017ce pozornie losowy ci\u0105g zdarze\u0144, z kt\u00f3rych ka\u017cde mog\u0142o przynie\u015b\u0107 ma\u0142o przewidywaln\u0105 zmian\u0119 ca\u0142ej mojej przysz\u0142o\u015bci, skrywa\u0142 pewien porz\u0105dek \u2013 wyrazisty \u015blad m\u0142odzie\u0144czego marzenia. Realia procesu stawania si\u0119 naukowcem wymagaj\u0105 pokonania wielu przeszk\u00f3d, a przede wszystkim poznania i pokonania w\u0142asnych ogranicze\u0144 i przekonania mentor\u00f3w szkolnych, a nast\u0119pnie uniwersyteckich, \u017ce na naukowca si\u0119 nadaj\u0119. Moja \u017cona Ewa niegdy\u015b zauwa\u017cy\u0142a, \u017ce w pracach do\u015bwiadczalnych (g\u0142ownie na u\u017cytek domowy), nie zawsze si\u0119 sprawdzam, ale jestem specjalist\u0105 od nietypowych rozwi\u0105za\u0144, na kt\u00f3re czasem trudno wpa\u015b\u0107 ortodoksyjnym praktykom -.<\/i><\/span><\/span><\/p>\n<p><span style=\"color: #000000;\"><span style=\"font-size: medium;\"> Pochodzi z rodziny bez inteligenckich tradycji, w kt\u00f3rej jednak samokszta\u0142cenie rodzic\u00f3w i kszta\u0142cenie dzieci by\u0142y uwa\u017cane za konieczno\u015b\u0107. By\u0142 dzieckiem zdolnym oraz wszechstronnym, wiedz\u0119 przyswaja\u0142 szybko. Muzyka go\u015bci\u0142a na powa\u017cnie w jego m\u0142odzie\u0144czym etapie, gra\u0142 na wiolonczeli, epizodycznie \u015bpiewa\u0142 w ch\u0142opi\u0119cym ch\u00f3rze <\/span><span style=\"font-size: medium;\"><i>Kajdasza (na opolskiej delegacji).<\/i><\/span> <\/span><\/p>\n<p><a href=\"https:\/\/slowo-polskie.pl\/wp-content\/uploads\/2026\/08\/PiotrGarbaczewski.jpg\"><img loading=\"lazy\" decoding=\"async\" class=\"alignnone wp-image-3396\" src=\"https:\/\/slowo-polskie.pl\/wp-content\/uploads\/2026\/08\/PiotrGarbaczewski-467x700.jpg\" alt=\"\" width=\"202\" height=\"303\" srcset=\"https:\/\/slowo-polskie.pl\/wp-content\/uploads\/2026\/08\/PiotrGarbaczewski-467x700.jpg 467w, https:\/\/slowo-polskie.pl\/wp-content\/uploads\/2026\/08\/PiotrGarbaczewski-187x280.jpg 187w, https:\/\/slowo-polskie.pl\/wp-content\/uploads\/2026\/08\/PiotrGarbaczewski-100x150.jpg 100w, https:\/\/slowo-polskie.pl\/wp-content\/uploads\/2026\/08\/PiotrGarbaczewski.jpg 683w\" sizes=\"auto, (max-width: 202px) 100vw, 202px\" \/><\/a><\/p>\n<p><span style=\"color: #000000;\"><span style=\"font-size: medium;\">Za\u015b jego mentorem sta\u0142 si\u0119 nauczyciel fizyki, repatriant z Drohobycza, wiekowy ju\u017c <\/span><span style=\"font-size: medium;\"><i>profesor Kmicikiewicz<\/i><\/span><span style=\"font-size: medium;\">, podczas <\/span><i> <\/i><span style=\"font-size: medium;\">nauki w XI Liceum Og\u00f3lnokszta\u0142c\u0105cym, dzi\u015b I LO w Opolu.<\/span><span style=\"font-size: medium;\"><i> &#8211; <\/i><\/span> <span style=\"font-size: medium;\"><i>Nasze rozmowy by\u0142y podbudowane emocjami, by\u0142 to rodzaj romantycznej przygody, zal\u0105\u017cek tego, co nazywa si\u0119 pasj\u0105 poznawania \u015bwiata. Wzi\u0105\u0142em udzia\u0142 w olimpiadzie fizycznej, rozwi\u0105za\u0142em zadania i zakwalifikowa\u0142em si\u0119 do szczebla regionalnego. Odkry\u0142em &#8211; uczeni s\u0105 lud\u017ami. I sta\u0142o si\u0119. Zwyci\u0119\u017cy\u0142a ciekawo\u015b\u0107 odkrywania czego\u015b nowego, wizja przygody. Szko\u0142a muzyczna i wiolonczela musia\u0142y zej\u015b\u0107 na drugi plan. Zosta\u0142em studentem fizyki Uniwersytetu Wroc\u0142awskiego. A na fizyk\u0119 sz\u0142o si\u0119 po to, \u017ceby zrozumie\u0107 \u015bwiat i mo\u017ce nawet odkrywa\u0107 -. <\/i><\/span><\/span><\/p>\n<p><span style=\"color: #000000;\"><span style=\"font-size: medium;\"> Okaza\u0142o si\u0119, \u017ce z marszu \u201eprochu nie wymy\u015blisz\u201d i przysz\u0142o pokonywanie trudno\u015bci. Fizyka do\u015bwiadczalna nie sta\u0142a si\u0119 ju\u017c pasj\u0105. Na trzecim roku studi\u00f3w nasta\u0142 wyb\u00f3r specjalizacji i sta\u0142a si\u0119 ni\u0105 fizyka teoretyczna &#8211; podparta niebanaln\u0105 matematyk\u0105, sztuka tworzenia modeli (teoria!) zjawisk fizycznych. Pytam Pana Profesora o szczeg\u00f3\u0142y.<\/span><\/span><\/p>\n<p><span style=\"color: #000000;\"><span style=\"font-size: medium;\">&#8211; <\/span><span style=\"font-size: medium;\"><i> Na przyk\u0142ad ruchy planet, stabilno\u015b\u0107 Uk\u0142adu S\u0142onecznego, znacznie szerzej \u2013 zrozumienie funkcjonowania \u015bwiata. Czy powszechna jest powtarzalno\u015b\u0107 zjawisk, przyk\u0142adowo: cykle Ksi\u0119\u017cyca, za\u0107mienia, koniunkcje planet, istota misji kosmicznych &#8211;<\/i><\/span><span style=\"font-size: medium;\">.<\/span><\/span><\/p>\n<p><a href=\"https:\/\/slowo-polskie.pl\/wp-content\/uploads\/2026\/08\/Jubileusz-Alka-Lwowa-z-2020-roku.jpg\"><img loading=\"lazy\" decoding=\"async\" class=\"alignnone size-full wp-image-3397\" src=\"https:\/\/slowo-polskie.pl\/wp-content\/uploads\/2026\/08\/Jubileusz-Alka-Lwowa-z-2020-roku.jpg\" alt=\"\" width=\"206\" height=\"206\" srcset=\"https:\/\/slowo-polskie.pl\/wp-content\/uploads\/2026\/08\/Jubileusz-Alka-Lwowa-z-2020-roku.jpg 206w, https:\/\/slowo-polskie.pl\/wp-content\/uploads\/2026\/08\/Jubileusz-Alka-Lwowa-z-2020-roku-150x150.jpg 150w\" sizes=\"auto, (max-width: 206px) 100vw, 206px\" \/><\/a><\/p>\n<p><span style=\"color: #000000;\"><span style=\"font-size: medium;\"> R\u00f3wnolegle w \u017cyciu <\/span><span style=\"font-size: medium;\"><b>Piotra Garbaczewskiego <\/b><\/span><span style=\"font-size: medium;\">pojawi\u0142a si\u0119 druga, r\u00f3wnie wa\u017cna, co fizyka sfera \u017cycia &#8211; wspinaczka wysokog\u00f3rska. W Akademickim Centrum Kultury Pa\u0142acyk we Wroc\u0142awiu organizowano kurs dla groto\u0142az\u00f3w. Poszed\u0142, a tam spotka\u0142 <\/span><b> <\/b><span style=\"font-size: medium;\"><i><b>Jacka Kolbuszewskiego<\/b><\/i><\/span><span style=\"font-size: medium;\"> p\u00f3\u017aniejszego profesora, wybitnego polskiego literaturoznawc\u0119, znanego pasjonata g\u00f3r i eksploratora Tatr. W ramach \u0107wicze\u0144 odby\u0142 si\u0119 wyjazd do Jury Krakowsko-Cz\u0119stochowskiej. &#8211; <\/span><span style=\"font-size: medium;\"><i>Pami\u0119tam &#8211;<\/i><\/span><span style=\"font-size: medium;\"> dopowiada z u\u015bmiechem \u2013 g\u00f3rniczy <\/span><span style=\"font-size: medium;\"><i>kask z miejscem na karbidow\u0105 lampk\u0119 czo\u0142ow\u0105. Sprz\u0119t posiadali\u015bmy z tzw. demobilu. By\u0142y zwyk\u0142e pionierki &#8211; obuwie znane dzi\u015b z opowiada\u0144 starszych Polak\u00f3w. Odzie\u017c na wariackich papierach. Na obozie wakacyjnym w Ko\u015bcielisku chodzili\u015bmy g\u0142ownie po znakowanych szlakach. Ale skalne pi\u0119kno g\u00f3r &#8211; odkrycie Tatr to by\u0142o to! Impuls, marzenie i kurs wspinaczkowy na Politechnice Wroc\u0142awskiej. Liczy\u0142a si\u0119 og\u00f3lna sprawno\u015b\u0107, a kiedy si\u0119 jest m\u0142odym, to wszystko mo\u017cliwe nieprawda\u017c -. <\/i><\/span><span style=\"font-size: medium;\">Tam <\/span><span style=\"font-size: medium;\"><b>Piotr Garbaczewski <\/b><\/span><span style=\"font-size: medium;\">poznaje <\/span><span style=\"font-size: medium;\"><b> Aleksandra Lwowa i Krzysztofa Wielickiego. <\/b><\/span><span style=\"font-size: medium;\">W ramach \u0107wicze\u0144 kursowych w G\u00f3rach Sokolich tworz\u0105 si\u0119 samoistne zespo\u0142y wspinaczkowe. Zdarza\u0142o si\u0119 odpadanie na przewieszkach z g\u00f3rn\u0105 asekuracj\u0105, ale sprawno\u015b\u0107 fizyczna i umiej\u0119tno\u015bci techniczne (wspinaczkowe) szybko ros\u0142y. Tak zdobywa si\u0119 do\u015bwiadczenie. Od pierwszej (1970) wyprawy na Sokoliki, biwak\u00f3w w legendarnym kolebie pod Krzyw\u0105, szybko przenosi si\u0119 w Tatry. W latach 1971-74 pokonuje szereg trudnych dr\u00f3g, pr\u00f3ba zim\u0105 1973 r. na filarze Mi\u0119guszowieckiego Szczytu, a w lutym 1974 ju\u017c legendarna w\u00f3wczas \u201eHokejka\u201d na zachodniej \u015bcianie \u0141omnicy. Kilka dr\u00f3g na Kazalnicy Mi\u0119guszowickiej i Kaukaz (z Elbrusem jako wisienk\u0105 na wyprawowym torcie).<\/span><\/span><\/p>\n<p><a href=\"https:\/\/slowo-polskie.pl\/wp-content\/uploads\/2026\/08\/PiotrGarbaczewski_wielicki.jpg\"><img loading=\"lazy\" decoding=\"async\" class=\"alignnone wp-image-3398\" src=\"https:\/\/slowo-polskie.pl\/wp-content\/uploads\/2026\/08\/PiotrGarbaczewski_wielicki-516x700.jpg\" alt=\"\" width=\"361\" height=\"490\" srcset=\"https:\/\/slowo-polskie.pl\/wp-content\/uploads\/2026\/08\/PiotrGarbaczewski_wielicki-516x700.jpg 516w, https:\/\/slowo-polskie.pl\/wp-content\/uploads\/2026\/08\/PiotrGarbaczewski_wielicki-207x280.jpg 207w, https:\/\/slowo-polskie.pl\/wp-content\/uploads\/2026\/08\/PiotrGarbaczewski_wielicki-111x150.jpg 111w, https:\/\/slowo-polskie.pl\/wp-content\/uploads\/2026\/08\/PiotrGarbaczewski_wielicki.jpg 720w\" sizes=\"auto, (max-width: 361px) 100vw, 361px\" \/><\/a><\/p>\n<p><span style=\"color: #000000;\"><span style=\"font-size: medium;\"> &#8211; <\/span><span style=\"font-size: medium;\"><i>G\u00f3ry ani Ci\u0119 nienawidz\u0105, ani nie kochaj\u0105, s\u0105 po prostu niebezpieczne &#8211; <\/i><\/span><span style=\"font-size: medium;\">jednoznacznie stawia tutaj kropk\u0119. A wielokrotny partner wspinaczkowy Alek Lwow, wysnu\u0142 z g\u00f3rskich do\u015bwiadcze\u0144 tytu\u0142 swojej ksi\u0105\u017cki \u201eZwyci\u0119\u017cy\u0107 znaczy prze\u017cy\u0107\u201d.<\/span><\/span><\/p>\n<p><span style=\"color: #000000;\"><span style=\"font-size: medium;\"> Koniec studi\u00f3w, zostaje przyj\u0119ty na studia doktoranckie. Zajmuje si\u0119 tzw. teori\u0105 pola pod kierunkiem <\/span><span style=\"font-size: medium;\"><b>profesora <\/b><\/span><span style=\"font-size: medium;\"><i><b>Jana<\/b><\/i><\/span><b> <\/b><span style=\"font-size: medium;\"><i><b>Rzewuskiego. <\/b><\/i><\/span><span style=\"font-size: medium;\"> Ko\u0144czy je<\/span><i><b> <\/b><\/i><span style=\"font-size: medium;\">w<\/span><span style=\"font-size: medium;\"> trzy lata, p\u00f3\u017aniej doktorat i propozycja pracy w Instytucie Fizyki Teoretycznej Uniwersytetu Wroc\u0142awskiego. Pierwsze spotkanie w nowej roli (adiunkt) ze studentami. M\u0142ody pracownik prowadzi \u0107wiczenia, trafia mu si\u0119 pierwszy wyk\u0142ad. &#8211; <\/span><span style=\"font-size: medium;\"><i>Trema zawsze istnieje<\/i><\/span><span style=\"font-size: medium;\"> \u2013 m\u00f3wi.<\/span><\/span><\/p>\n<p><span style=\"color: #000000;\"> <i> <\/i><span style=\"font-size: medium;\"> Kiedy pytam o sfer\u0119 marze\u0144 prywatnych o\u017cywia si\u0119 wspominaj\u0105c pierwsze spotkanie z<\/span><span style=\"font-size: medium;\"><b> Ew\u0105. <\/b><\/span><span style=\"font-size: medium;\">Gra\u0142em w studenckim zespole muzycznym na wiolonczeli oczywi\u015bcie i brakowa\u0142o kogo\u015b od fortepianu. Przysz\u0142a ona, bardzo \u0142adna dziewczyna, troch\u0119 nie\u015bmia\u0142a, nawet stremowana pierwszoroczniaczka z psychologii Profesor u\u015bmiecha si\u0119 lekko \u2013<\/span><span style=\"font-size: medium;\"><i> si\u0142a przyci\u0105gania, narastaj\u0105ca. Spotykali\u015bmy si\u0119 w Herbowej w Rynku i trzymali\u015bmy si\u0119 za r\u0105czki. Zaprosi\u0142em j\u0105 na p\u00f3\u0142metek jednego z m\u0142odszych rocznik\u00f3w fizyki i ta\u0144czyli\u015bmy, ta\u0144czyli\u015bmy, a p\u00f3\u017aniej odprowadzaj\u0105c do taks\u00f3wki po raz pierwszy poca\u0142owa\u0142em j\u0105 w policzek. Byli\u015bmy coraz bardziej razem. Przychodzi\u0142em do jej domu rodzinnego na herbat\u0119 z samowaru. I tak przez cztery lata. Co wa\u017cne, a z mojej strony w\u00f3wczas lekkomy\u015blnie, w 1973 roku zaprosi\u0142em Ew\u0119 na obozowisko taternik\u00f3w na Hali G\u0105sienicowej i \u201ezaci\u0105gn\u0105\u0142em\u201d j\u0105 (przesz\u0142a ca\u0142\u0105) na Orl\u0105 Per\u0107, mimo \u017ce wcze\u015bniej nie by\u0142a nigdy w Tatrach. To by\u0142o po\u015bwi\u0119cenie dla przysz\u0142ego m\u0119\u017ca. A ja chcia\u0142em jej tylko pokaza\u0107 pi\u0119kno g\u00f3r, \u201efruwaj\u0105c\u201d po \u0142a\u0144cuchach. Ewa z wykszta\u0142cenia jest psychologiem i cz\u0119sto w okresie przed ma\u0142\u017ce\u0144skim przeprowadza\u0142a na mnie (kr\u00f3lik do\u015bwiadczalny) rozmaite studenckie testy z tej dziedziny. Chyba wypad\u0142y dobrze, bo obchodzili\u015bmy w ubieg\u0142ym roku p\u00f3\u0142 wieku bycia razem. Taki by\u0142, niekoniecznie oczywisty, bezpo\u015bredni skutek nauki gry na wiolonczeli w opolskiej szkole muzycznej (nie zapominaj\u0105c o Liceum Muzycznym Ewy).<\/i><\/span><\/span><\/p>\n<p><span style=\"color: #000000;\"><span style=\"font-size: medium;\"> Jak ka\u017cda g\u0142owa rodziny tak\u017ce i Pan Profesor posiada swoje domowe specjalno\u015bci. Jest ich kilka, a najwa\u017cniejsza to lepienie malutkich uszek wigilijnych &#8211; ponad 300 sztuk w przed\u015bwi\u0105tecznej sesji. Sprz\u0105tanie te\u017c nie jest mu ca\u0142kiem obce. &#8211; <\/span><span style=\"font-size: medium;\"><i>Staram si\u0119. Kulinaria to raczej \u015bniadania i kolacje, bo z obiad\u00f3w jestem s\u0142aby, chyba \u017ce \u201egotowce\u201d \u2013 <\/i><\/span><span style=\"font-size: medium;\">informuje.<\/span><\/span><\/p>\n<p><span style=\"color: #000000;\"><span style=\"font-size: medium;\"> W 1998 roku Prezydent Aleksander Kwa\u015bniewski wr\u0119czy\u0142 <\/span><span style=\"font-size: medium;\"><b>Piotrowi Garbaczewskiemu <\/b><\/span><span style=\"font-size: medium;\">nominacj\u0119 &#8211; tytu\u0142 profesora nauk fizycznych <\/span><span style=\"font-size: medium;\"><i> &#8211; To zmienia status, ale w nauce to naturalny cel \u2013 <\/i><\/span><span style=\"font-size: medium;\">dodaje<\/span><span style=\"font-size: medium;\"><i>.<\/i><\/span><\/span><\/p>\n<p><span style=\"color: #000000;\"><span style=\"font-size: medium;\"> Pytam Pana Profesora o przyjaci\u00f3\u0142 i spotkania po latach. &#8211; <\/span><span style=\"font-size: medium;\"><i>Warte wzmianki jest symboliczne trwanie przyja\u017ani studenckich, co miesi\u0119czne (rotacyjne) spotkania pi\u0105tki bryd\u017cyst\u00f3w, trzech koleg\u00f3w i dwie kole\u017canki, wszyscy zwi\u0105zani z rocznikiem Fizycy-1971. A jedno incydentalne spotkanie odby\u0142o si\u0119 niedawno, po 52 latach. Na Kaszubach, przed koncertem \u201epie\u015bni staro-harcerskich\u201d spotka\u0142em si\u0119 z <\/i><\/span><span style=\"font-size: medium;\"><i><b>Wojciechem Jaroci\u0144skim,\u00a0<\/b><\/i><\/span><\/span><span style=\"color: #000000;\"><span style=\"font-size: medium;\"><i>z kt\u00f3rym w lutym 1974 roku pokonali\u015bmy zachodni\u0105 \u015bcian\u0119 \u0141omnicy (pierwsze polskie przej\u015bcie zimowe \u201eHokejki\u201d). M\u0119skie wspomnienie. <\/i><\/span><span style=\"font-size: medium;\"><i><u>Wolna Grupa Bukowina<\/u><\/i><\/span><span style=\"font-size: medium;\"><i>, kt\u00f3rej Wojtek ju\u017c wtedy by\u0142 gitarzyst\u0105 i solist\u0105 nale\u017cy do wyj\u0105tkowych zespo\u0142\u00f3w na polskiej scenie muzycznej. Powiem Pani, takie mam w\u0142a\u015bnie pozanaukowe znajomo\u015bci, od \u201ekrainy \u0142agodno\u015bci\u201d, przez trudne chwile na \u0141omnicy, do pe\u0142nej grozy himalaizmu (Alek Lwow, Krzysztof Wielicki). <\/i><\/span><\/span><\/p>\n<p><span style=\"color: #000000;\"> <span style=\"font-size: medium;\">Dzi\u0119kuj\u0119 za spotkanie i \u017cycz\u0119 realizacji dalszych marze\u0144<br \/>\n<\/span><\/span><span style=\"color: #000000;\"> <span style=\"font-size: medium;\"><b>Aleksandra Dankowiakowska\u2013Korman<br \/>\n<\/b><\/span><\/span><span style=\"color: #000000;\"> <span style=\"font-size: medium;\">sierpie\u0144 2026 r.<\/span><\/span><\/p>\n<p>Zdj\u0119cia z archiwum prywatnego Profesora.<\/p>\n","protected":false},"excerpt":{"rendered":"<p>PIOTR GARBACZEWSKI \u2013 profesor belwederski, by\u0142y dyrektor Instytutu Fizyki Uniwersytetu Opolskiego, rodowity Opolanin zamieszka\u0142y od matury we Wroc\u0142awiu, kiedy pytam go o wa\u017cne zdarzenia, czasem punkty zwrotne w jego \u017cyciu <span class=\"excerpt-dots\">&hellip;<\/span> <a class=\"more-link\" href=\"https:\/\/slowo-polskie.pl\/index.php\/2026\/08\/31\/profesor-w-drodze-po-marzenia\/\"><span class=\"more-msg\">Czytaj dalej &rarr;<\/span><\/a><\/p>\n","protected":false},"author":2,"featured_media":3396,"comment_status":"open","ping_status":"open","sticky":false,"template":"","format":"standard","meta":{"footnotes":""},"categories":[30],"tags":[],"class_list":["post-3394","post","type-post","status-publish","format-standard","has-post-thumbnail","hentry","category-dankowiakowska-korman-aleksandra"],"_links":{"self":[{"href":"https:\/\/slowo-polskie.pl\/index.php\/wp-json\/wp\/v2\/posts\/3394","targetHints":{"allow":["GET"]}}],"collection":[{"href":"https:\/\/slowo-polskie.pl\/index.php\/wp-json\/wp\/v2\/posts"}],"about":[{"href":"https:\/\/slowo-polskie.pl\/index.php\/wp-json\/wp\/v2\/types\/post"}],"author":[{"embeddable":true,"href":"https:\/\/slowo-polskie.pl\/index.php\/wp-json\/wp\/v2\/users\/2"}],"replies":[{"embeddable":true,"href":"https:\/\/slowo-polskie.pl\/index.php\/wp-json\/wp\/v2\/comments?post=3394"}],"version-history":[{"count":6,"href":"https:\/\/slowo-polskie.pl\/index.php\/wp-json\/wp\/v2\/posts\/3394\/revisions"}],"predecessor-version":[{"id":3404,"href":"https:\/\/slowo-polskie.pl\/index.php\/wp-json\/wp\/v2\/posts\/3394\/revisions\/3404"}],"wp:featuredmedia":[{"embeddable":true,"href":"https:\/\/slowo-polskie.pl\/index.php\/wp-json\/wp\/v2\/media\/3396"}],"wp:attachment":[{"href":"https:\/\/slowo-polskie.pl\/index.php\/wp-json\/wp\/v2\/media?parent=3394"}],"wp:term":[{"taxonomy":"category","embeddable":true,"href":"https:\/\/slowo-polskie.pl\/index.php\/wp-json\/wp\/v2\/categories?post=3394"},{"taxonomy":"post_tag","embeddable":true,"href":"https:\/\/slowo-polskie.pl\/index.php\/wp-json\/wp\/v2\/tags?post=3394"}],"curies":[{"name":"wp","href":"https:\/\/api.w.org\/{rel}","templated":true}]}}