{"id":3425,"date":"2026-09-01T13:22:05","date_gmt":"2026-09-01T11:22:05","guid":{"rendered":"https:\/\/slowo-polskie.pl\/?p=3425"},"modified":"2026-09-01T13:30:10","modified_gmt":"2026-09-01T11:30:10","slug":"31-festiwal-gorski-w-ladku-zdroju","status":"publish","type":"post","link":"https:\/\/slowo-polskie.pl\/index.php\/2026\/09\/01\/31-festiwal-gorski-w-ladku-zdroju\/","title":{"rendered":"31. Festiwal G\u00f3rski w L\u0105dku-Zdroju"},"content":{"rendered":"<div><strong>Od 3 do 6 wrze\u015bnia L\u0105dek-Zdr\u00f3j ponownie stanie si\u0119 g\u00f3rsk\u0105 stolic\u0105 Polski. Festiwal G\u00f3rski im. Andrzeja Zawady to jedno z najwi\u0119kszych i najwa\u017cniejszych wydarze\u0144 tego typu w Europie. Organizatorzy Festiwalu przyzwyczaili ju\u017c widz\u00f3w do du\u017cej intensywno\u015bci wydarzenia \u2013 w kilkunastu miejscach w tym samym czasie odbywaj\u0105 si\u0119 rozmaite punkty programu. \u0141\u0105cznie jest ich kilkaset.<\/strong><\/div>\n<div><\/div>\n<div>W tym roku pojawiaj\u0105 si\u0119 nowo\u015bci: odb\u0119dzie si\u0119 96-godzinny streaming &#8222;Idziemy dla L\u0105dka&#8221;, dwie aukcje charytatywne, kolejny Festiwal w Festiwalu \u2013 Bike Festival Glacensis, a nawet mo\u017cliwo\u015b\u0107 sp\u0119dzenia noclegu w \u015bcianie, wzorem wspinaczy bigwallowych i himalaist\u00f3w.<\/div>\n<div><\/div>\n<div>A z kim b\u0119dzie si\u0119 mo\u017cna zobaczy\u0107? Inspiruj\u0105ce kobiety, mi\u0119dzy innymi: Martyna Wojciechowska, Aleksandra Miros\u0142aw, Justyna Kowalczyk-Tekieli, Dierdre Wolownick-Honnold (mama wspinacza Alexa Honnolda, sama bij\u0105ca rekordy we wspinaczce). Znakomici wspinacze: Bartek Ziemski, Krzysztof Wielicki, Adam Bielecki, John Porter. Muzyka rozgrzewaj\u0105ca wieczory: Paktofonika Orkiestra, KSU, \u0141\u0105ki \u0141an, Dr Misio i inni.<\/div>\n<div><\/div>\n<div><a href=\"https:\/\/slowo-polskie.pl\/wp-content\/uploads\/2026\/09\/FG2026-oficjalny-plakat.png\"><img loading=\"lazy\" decoding=\"async\" class=\"alignnone size-large wp-image-3427\" src=\"https:\/\/slowo-polskie.pl\/wp-content\/uploads\/2026\/09\/FG2026-oficjalny-plakat-523x700.png\" alt=\"\" width=\"523\" height=\"700\" srcset=\"https:\/\/slowo-polskie.pl\/wp-content\/uploads\/2026\/09\/FG2026-oficjalny-plakat-523x700.png 523w, https:\/\/slowo-polskie.pl\/wp-content\/uploads\/2026\/09\/FG2026-oficjalny-plakat-209x280.png 209w, https:\/\/slowo-polskie.pl\/wp-content\/uploads\/2026\/09\/FG2026-oficjalny-plakat-112x150.png 112w, https:\/\/slowo-polskie.pl\/wp-content\/uploads\/2026\/09\/FG2026-oficjalny-plakat-768x1028.png 768w, https:\/\/slowo-polskie.pl\/wp-content\/uploads\/2026\/09\/FG2026-oficjalny-plakat.png 914w\" sizes=\"auto, (max-width: 523px) 100vw, 523px\" \/><\/a><\/div>\n<div>Festiwal G\u00f3rski im. Andrzeja Zawady w L\u0105dku-Zdroju<\/div>\n<div><a href=\"http:\/\/www.festiwalgorski.pl\/\" target=\"_blank\" rel=\"noopener noreferrer\">www.festiwalgorski.pl<\/a><\/div>\n","protected":false},"excerpt":{"rendered":"<p>Od 3 do 6 wrze\u015bnia L\u0105dek-Zdr\u00f3j ponownie stanie si\u0119 g\u00f3rsk\u0105 stolic\u0105 Polski. Festiwal G\u00f3rski im. Andrzeja Zawady to jedno z najwi\u0119kszych i najwa\u017cniejszych wydarze\u0144 tego typu w Europie. Organizatorzy Festiwalu <span class=\"excerpt-dots\">&hellip;<\/span> <a class=\"more-link\" href=\"https:\/\/slowo-polskie.pl\/index.php\/2026\/09\/01\/31-festiwal-gorski-w-ladku-zdroju\/\"><span class=\"more-msg\">Czytaj dalej &rarr;<\/span><\/a><\/p>\n","protected":false},"author":2,"featured_media":3426,"comment_status":"open","ping_status":"open","sticky":false,"template":"","format":"standard","meta":{"footnotes":""},"categories":[10,33],"tags":[],"class_list":["post-3425","post","type-post","status-publish","format-standard","has-post-thumbnail","hentry","category-kultura","category-redakcyjny-tekst"],"_links":{"self":[{"href":"https:\/\/slowo-polskie.pl\/index.php\/wp-json\/wp\/v2\/posts\/3425","targetHints":{"allow":["GET"]}}],"collection":[{"href":"https:\/\/slowo-polskie.pl\/index.php\/wp-json\/wp\/v2\/posts"}],"about":[{"href":"https:\/\/slowo-polskie.pl\/index.php\/wp-json\/wp\/v2\/types\/post"}],"author":[{"embeddable":true,"href":"https:\/\/slowo-polskie.pl\/index.php\/wp-json\/wp\/v2\/users\/2"}],"replies":[{"embeddable":true,"href":"https:\/\/slowo-polskie.pl\/index.php\/wp-json\/wp\/v2\/comments?post=3425"}],"version-history":[{"count":3,"href":"https:\/\/slowo-polskie.pl\/index.php\/wp-json\/wp\/v2\/posts\/3425\/revisions"}],"predecessor-version":[{"id":3431,"href":"https:\/\/slowo-polskie.pl\/index.php\/wp-json\/wp\/v2\/posts\/3425\/revisions\/3431"}],"wp:featuredmedia":[{"embeddable":true,"href":"https:\/\/slowo-polskie.pl\/index.php\/wp-json\/wp\/v2\/media\/3426"}],"wp:attachment":[{"href":"https:\/\/slowo-polskie.pl\/index.php\/wp-json\/wp\/v2\/media?parent=3425"}],"wp:term":[{"taxonomy":"category","embeddable":true,"href":"https:\/\/slowo-polskie.pl\/index.php\/wp-json\/wp\/v2\/categories?post=3425"},{"taxonomy":"post_tag","embeddable":true,"href":"https:\/\/slowo-polskie.pl\/index.php\/wp-json\/wp\/v2\/tags?post=3425"}],"curies":[{"name":"wp","href":"https:\/\/api.w.org\/{rel}","templated":true}]}}