{"id":3436,"date":"2026-09-05T18:16:31","date_gmt":"2026-09-05T16:16:31","guid":{"rendered":"https:\/\/slowo-polskie.pl\/?p=3436"},"modified":"2026-09-05T18:16:31","modified_gmt":"2026-09-05T16:16:31","slug":"wenus-z-kolobrzegu-w-muzeum-oreza-polskiego-wystawa-w-ciszy-i-skupieniu","status":"publish","type":"post","link":"https:\/\/slowo-polskie.pl\/index.php\/2026\/09\/05\/wenus-z-kolobrzegu-w-muzeum-oreza-polskiego-wystawa-w-ciszy-i-skupieniu\/","title":{"rendered":"\u201eWenus z Ko\u0142obrzegu\u201d w Muzeum Or\u0119\u017ca Polskiego \u2013 wystawa w ciszy i skupieniu"},"content":{"rendered":"<p align=\"JUSTIFY\"><strong><span style=\"font-family: tahoma, arial, helvetica, sans-serif;\"><span style=\"font-size: medium;\">W Muzeum Or\u0119\u017ca Polskiego w Ko\u0142obrzegu, w jego oddziale zlokalizowanym w dawnym Pa\u0142acu Braunschweig\u00f3w przy ul. Armii Krajowej 13 jest wyj\u0105tkowa wystawa. G\u0142\u00f3wnym bohaterem wystawy jest niezwyk\u0142e odkrycie archeologiczne, niewielkich rozmiar\u00f3w kamienna figurka o wygl\u0105dzie kobiety \u2013 znaleziona przypadkowo przez rolnika na terenie ko\u0142obrzeskiego Podczela \u2013 dzisiaj dzielnica Ko\u0142obrzegu. <\/span><\/span><\/strong><\/p>\n<p align=\"CENTER\"><a href=\"https:\/\/slowo-polskie.pl\/wp-content\/uploads\/2026\/09\/wenus.jpg\"><img loading=\"lazy\" decoding=\"async\" class=\"alignnone size-large wp-image-3437\" src=\"https:\/\/slowo-polskie.pl\/wp-content\/uploads\/2026\/09\/wenus-700x471.jpg\" alt=\"\" width=\"700\" height=\"471\" srcset=\"https:\/\/slowo-polskie.pl\/wp-content\/uploads\/2026\/09\/wenus-700x471.jpg 700w, https:\/\/slowo-polskie.pl\/wp-content\/uploads\/2026\/09\/wenus-280x188.jpg 280w, https:\/\/slowo-polskie.pl\/wp-content\/uploads\/2026\/09\/wenus-150x101.jpg 150w, https:\/\/slowo-polskie.pl\/wp-content\/uploads\/2026\/09\/wenus-768x517.jpg 768w, https:\/\/slowo-polskie.pl\/wp-content\/uploads\/2026\/09\/wenus.jpg 892w\" sizes=\"auto, (max-width: 700px) 100vw, 700px\" \/><\/a><\/p>\n<p align=\"JUSTIFY\"><span style=\"font-family: tahoma, arial, helvetica, sans-serif;\">\u201e<span style=\"font-size: medium;\">Wenus z Ko\u0142obrzegu\u201d, bo tak zosta\u0142o nazwane odkrycie, jest wyj\u0105tkowym w skali Europy \u015arodkowo-Wschodniej znaleziskiem z obszaru Pomorza Zachodniego. Figurka, \u201eWenus z Ko\u0142obrzegu\u201d, zosta\u0142a zaklasyfikowana jako artefakt kultury neolitycznej i wzbudzi\u0142 ogromne zainteresowanie nie tylko w Polsce, ale i na \u015bwiecie. <\/span><\/span><\/p>\n<p align=\"JUSTIFY\"><span style=\"font-family: tahoma, arial, helvetica, sans-serif;\"><span style=\"font-size: medium;\">Kamienna, subtelna, a zarazem pe\u0142na symboliki, \u201eWenus z Ko\u0142obrzegu\u201d przyci\u0105ga uwag\u0119 nie tylko archeolog\u00f3w, ale r\u00f3wnie\u017c wszystkich, kt\u00f3rych porusza historia pradawnych cywilizacji. Ko\u0142obrzesk\u0105 Wenus mo\u017cna zobaczy\u0107 w specjalnie zaaran\u017cowanej przestrzeni Pa\u0142acu Braunschweig\u00f3w, gdzie ekspozycja wzbogacona jest o \u015bwiat\u0142o, d\u017awi\u0119k &#8211; atmosfer\u0119 sprzyjaj\u0105c\u0105 refleksji.<\/span><\/span><\/p>\n<p align=\"JUSTIFY\"><span style=\"font-family: tahoma, arial, helvetica, sans-serif;\"><span style=\"font-size: medium;\">Figurka prezentowana jest w niewielkim specjalnie wydzielonym, zaciemnionym pomieszczeniu. Centralne miejsce zajmuje specjalnie przygotowana gablota na ci\u0105gle obracaj\u0105cej si\u0119 podstawie, na kt\u00f3rej znajduje si\u0119 tylko figurka, o\u015bwietlona jedynie punktowym \u015bwiat\u0142em. Ca\u0142o\u015b\u0107 dope\u0142nia delikatny szum morskich fal dobiegaj\u0105cych z ukrytych g\u0142o\u015bnik\u00f3w \u2013 wszystko po to, by podkre\u015bli\u0107 wyj\u0105tkowo\u015b\u0107 prezentowanej figurki Wenus. Tworzy to odpowiedni\u0105 atmosfer\u0119 i warunki do refleksji. <\/span><\/span><\/p>\n<p align=\"JUSTIFY\"><span style=\"font-family: tahoma, arial, helvetica, sans-serif;\"><span style=\"font-size: medium;\">Figurki antropomorficzne, tak zwane wenuski s\u0105 powszechnie spotykane na stanowiskach neolitycznych z VI i V tysi\u0105clecia p.n.e. na rozleg\u0142ych terenach po\u0142o\u017conych na po\u0142udnie i po\u0142udniowy wsch\u00f3d od Karpat. Podobne figurki odkrywano na obszarze Anatolii &#8211; krainie historycznej Turcji oraz po\u0142udniowej Europy. \u201eWenus z Ko\u0142obrzegu\u201d stanowi natomiast unikatowe znalezisko z obszaru Polski. Neolityczne figurki Wenus wykonywano z gliny, znacznie rzadziej z surowca kamiennego, takiego jak piaskowiec, marmur czy wap\u0144. Tradycyjnie uwa\u017ca si\u0119 je za symboliczne przedstawienie kobieco\u015bci i p\u0142odno\u015bci. Mog\u0142y by\u0107 one u\u017cywane w rytua\u0142ach lub ceremoniach, maj\u0105cych na celu celebrowanie p\u0142odno\u015bci, zapewnienie przetrwania i dobrobytu lokalnej spo\u0142eczno\u015bci. <\/span><\/span><\/p>\n<p align=\"CENTER\"><a href=\"https:\/\/slowo-polskie.pl\/wp-content\/uploads\/2026\/09\/wenus2.jpg\"><img loading=\"lazy\" decoding=\"async\" class=\"alignnone size-large wp-image-3438\" src=\"https:\/\/slowo-polskie.pl\/wp-content\/uploads\/2026\/09\/wenus2-700x568.jpg\" alt=\"\" width=\"700\" height=\"568\" srcset=\"https:\/\/slowo-polskie.pl\/wp-content\/uploads\/2026\/09\/wenus2-700x568.jpg 700w, https:\/\/slowo-polskie.pl\/wp-content\/uploads\/2026\/09\/wenus2-280x227.jpg 280w, https:\/\/slowo-polskie.pl\/wp-content\/uploads\/2026\/09\/wenus2-150x122.jpg 150w, https:\/\/slowo-polskie.pl\/wp-content\/uploads\/2026\/09\/wenus2.jpg 740w\" sizes=\"auto, (max-width: 700px) 100vw, 700px\" \/><\/a><\/p>\n<p align=\"JUSTIFY\"><span style=\"font-family: tahoma, arial, helvetica, sans-serif;\"><span style=\"font-size: medium;\">Stylizowana forma ko\u0142obrzeskiej Wenus wykonana z wapienia zdradza wysoki kunszt artystyczny i pomimo prostoty formy wyr\u00f3\u017cnia si\u0119 wyj\u0105tkowymi walorami estetycznymi. Jednak posta\u0107 kobiety nie wykazuje wysokiego poziomu detalu \u2013 zapewne \u201eczas\u201d zrobi\u0142 swoje. <\/span><\/span><\/p>\n<p align=\"CENTER\"><a href=\"https:\/\/slowo-polskie.pl\/wp-content\/uploads\/2026\/09\/wenus3.jpg\"><img loading=\"lazy\" decoding=\"async\" class=\"alignnone size-full wp-image-3439\" src=\"https:\/\/slowo-polskie.pl\/wp-content\/uploads\/2026\/09\/wenus3.jpg\" alt=\"\" width=\"639\" height=\"600\" srcset=\"https:\/\/slowo-polskie.pl\/wp-content\/uploads\/2026\/09\/wenus3.jpg 639w, https:\/\/slowo-polskie.pl\/wp-content\/uploads\/2026\/09\/wenus3-280x263.jpg 280w, https:\/\/slowo-polskie.pl\/wp-content\/uploads\/2026\/09\/wenus3-150x141.jpg 150w\" sizes=\"auto, (max-width: 639px) 100vw, 639px\" \/><\/a><\/p>\n<p align=\"JUSTIFY\"><span style=\"font-family: tahoma, arial, helvetica, sans-serif;\"><span style=\"font-size: medium;\">Na tablicy informacyjnej czytamy, \u017ce<\/span><span style=\"font-size: medium;\"><i>: \u201eKamienna figurka przedstawia stylizowan\u0105 posta\u0107 kobiety, wykonan\u0105 z wapienia o be\u017cowej barwie, z widocznymi w strukturze fragmentami muszli ma\u0142\u017c\u00f3w, \u015blimak\u00f3w oraz rurek wieloszczet\u00f3w (serpul). Ma oko\u0142o 12 cm wysoko\u015bci i zosta\u0142a wykonana w spos\u00f3b uproszczony, z naciskiem na ukazanie cech p\u0142ciowych. Sylwetka jest do\u015b\u0107 masywna, o zniekszta\u0142conych proporcjach. Ko\u0144czyny g\u00f3rne s\u0105 jedynie zarysowane, dolne &#8211; nieco rozstawione, lecz opracowane niezbyt szczeg\u00f3\u0142owo. Twarz pozbawiona jest rys\u00f3w \u2013 brak oczu, nosa, ust i uszu. Piersi zosta\u0142y zakryte przez ugi\u0119te w \u0142okciach r\u0119ce. Jednocze\u015bnie g\u0142owa oraz g\u00f3rna cz\u0119\u015b\u0107 tu\u0142owia s\u0105 nieproporcjonalnie du\u017ce w stosunku do kr\u00f3tkich n\u00f3g. Na tylnej cz\u0119\u015bci widoczne s\u0105 \u015blady formowania w okolicy n\u00f3g, prawdopodobnie powsta\u0142e w wyniku uderzenia twardym narz\u0119dziem. Na powierzchni figurki czytelne s\u0105 wg\u0142\u0119bienia wynikaj\u0105ce z charakteru surowca, z kt\u00f3rego zosta\u0142a wykonana \u2013 stanowi\u0105ce \u015blad wyg\u0142adzenia, szczeg\u00f3lnie w okolicy piersi i bioder, co mo\u017ce sugerowa\u0107 u\u017cytkowanie figurki (np. przechowywanie w opakowaniu wykonanym z materia\u0142u organicznego \u2013 np. sk\u00f3ry?). Ty\u0142 postaci jest stosunkowo p\u0142aski, co mo\u017ce \u015bwiadczy\u0107 o tym, \u017ce figurka by\u0142a ustawiona pionowo lub przymocowana do jakiego\u015b pod\u0142o\u017ca\u201d<\/i><\/span><span style=\"font-size: medium;\">. <\/span><\/span><\/p>\n<p align=\"CENTER\"><a href=\"https:\/\/slowo-polskie.pl\/wp-content\/uploads\/2026\/09\/wenus4.jpg\"><img loading=\"lazy\" decoding=\"async\" class=\"alignnone size-full wp-image-3440\" src=\"https:\/\/slowo-polskie.pl\/wp-content\/uploads\/2026\/09\/wenus4.jpg\" alt=\"\" width=\"613\" height=\"600\" srcset=\"https:\/\/slowo-polskie.pl\/wp-content\/uploads\/2026\/09\/wenus4.jpg 613w, https:\/\/slowo-polskie.pl\/wp-content\/uploads\/2026\/09\/wenus4-280x274.jpg 280w, https:\/\/slowo-polskie.pl\/wp-content\/uploads\/2026\/09\/wenus4-150x147.jpg 150w\" sizes=\"auto, (max-width: 613px) 100vw, 613px\" \/><\/a><\/p>\n<p align=\"JUSTIFY\"><span style=\"font-family: tahoma, arial, helvetica, sans-serif;\"><span style=\"font-size: medium;\">Mimo prostoty wykonania, jej warto\u015b\u0107 poznawcza i kulturowa jest ogromna \u2013 to pierwszy tego rodzaju zabytek odkryty na p\u00f3\u0142noc od Karpat. Odkrycie tej figurki to nie tylko sensacja archeologiczna, ale i wydarzenie o ogromnym znaczeniu kulturowym oraz spo\u0142ecznym. Zesp\u00f3\u0142 badawczy, kt\u00f3ry prowadzi\u0142 analiz\u0119 obiektu, w tym specjali\u015bci z Fundacji Relicta, Grupy Eksploracyjno-Poszukiwawczej Pars\u0119ta, a tak\u017ce zesp\u00f3\u0142 Narodowego Konserwatora Zabytk\u00f3w &#8211; potwierdzi\u0142, \u017ce figurka rzeczywi\u015bcie pochodzi z epoki neolitu i nie jest falsyfikatem. <\/span><\/span><\/p>\n<p align=\"JUSTIFY\"><span style=\"font-family: tahoma, arial, helvetica, sans-serif;\"><span style=\"font-size: medium;\"><strong>Andrzej Powidzki<\/strong><br \/>\n<\/span><\/span><span style=\"font-size: small;\">Ko\u0142obrzeg, sierpie\u0144 2026 r<\/span><span style=\"font-size: medium;\">.<\/span><\/p>\n","protected":false},"excerpt":{"rendered":"<p>W Muzeum Or\u0119\u017ca Polskiego w Ko\u0142obrzegu, w jego oddziale zlokalizowanym w dawnym Pa\u0142acu Braunschweig\u00f3w przy ul. Armii Krajowej 13 jest wyj\u0105tkowa wystawa. G\u0142\u00f3wnym bohaterem wystawy jest niezwyk\u0142e odkrycie archeologiczne, niewielkich <span class=\"excerpt-dots\">&hellip;<\/span> <a class=\"more-link\" href=\"https:\/\/slowo-polskie.pl\/index.php\/2026\/09\/05\/wenus-z-kolobrzegu-w-muzeum-oreza-polskiego-wystawa-w-ciszy-i-skupieniu\/\"><span class=\"more-msg\">Czytaj dalej &rarr;<\/span><\/a><\/p>\n","protected":false},"author":2,"featured_media":3437,"comment_status":"open","ping_status":"open","sticky":false,"template":"","format":"standard","meta":{"footnotes":""},"categories":[31],"tags":[],"class_list":["post-3436","post","type-post","status-publish","format-standard","has-post-thumbnail","hentry","category-powidzki-andrzej"],"_links":{"self":[{"href":"https:\/\/slowo-polskie.pl\/index.php\/wp-json\/wp\/v2\/posts\/3436","targetHints":{"allow":["GET"]}}],"collection":[{"href":"https:\/\/slowo-polskie.pl\/index.php\/wp-json\/wp\/v2\/posts"}],"about":[{"href":"https:\/\/slowo-polskie.pl\/index.php\/wp-json\/wp\/v2\/types\/post"}],"author":[{"embeddable":true,"href":"https:\/\/slowo-polskie.pl\/index.php\/wp-json\/wp\/v2\/users\/2"}],"replies":[{"embeddable":true,"href":"https:\/\/slowo-polskie.pl\/index.php\/wp-json\/wp\/v2\/comments?post=3436"}],"version-history":[{"count":1,"href":"https:\/\/slowo-polskie.pl\/index.php\/wp-json\/wp\/v2\/posts\/3436\/revisions"}],"predecessor-version":[{"id":3441,"href":"https:\/\/slowo-polskie.pl\/index.php\/wp-json\/wp\/v2\/posts\/3436\/revisions\/3441"}],"wp:featuredmedia":[{"embeddable":true,"href":"https:\/\/slowo-polskie.pl\/index.php\/wp-json\/wp\/v2\/media\/3437"}],"wp:attachment":[{"href":"https:\/\/slowo-polskie.pl\/index.php\/wp-json\/wp\/v2\/media?parent=3436"}],"wp:term":[{"taxonomy":"category","embeddable":true,"href":"https:\/\/slowo-polskie.pl\/index.php\/wp-json\/wp\/v2\/categories?post=3436"},{"taxonomy":"post_tag","embeddable":true,"href":"https:\/\/slowo-polskie.pl\/index.php\/wp-json\/wp\/v2\/tags?post=3436"}],"curies":[{"name":"wp","href":"https:\/\/api.w.org\/{rel}","templated":true}]}}